{"id":3574,"date":"2024-10-16T18:07:07","date_gmt":"2024-10-16T16:07:07","guid":{"rendered":"https:\/\/desafiomedios.com\/?p=3574"},"modified":"2024-10-16T18:12:25","modified_gmt":"2024-10-16T16:12:25","slug":"el-artista-urbano-manny-montes-presenta-envero-su-mas-reciente-album-musical","status":"publish","type":"post","link":"https:\/\/desafiomedios.com\/?p=3574","title":{"rendered":"El artista urbano Manny Montes presenta \u201cEnvero\u201d, su m\u00e1s reciente \u00e1lbum musical"},"content":{"rendered":"\t\t<div data-elementor-type=\"wp-post\" data-elementor-id=\"3574\" class=\"elementor elementor-3574\">\n\t\t\t\t<div class=\"elementor-element elementor-element-c1cf9a7 e-flex e-con-boxed e-con e-parent\" data-id=\"c1cf9a7\" data-element_type=\"container\" data-settings=\"{&quot;content_width&quot;:&quot;boxed&quot;}\" data-core-v316-plus=\"true\">\n\t\t\t\t\t<div class=\"e-con-inner\">\n\t\t\t\t<div class=\"elementor-element elementor-element-6c5988d elementor-widget elementor-widget-text-editor\" data-id=\"6c5988d\" data-element_type=\"widget\" data-widget_type=\"text-editor.default\">\n\t\t\t\t<div class=\"elementor-widget-container\">\n\t\t\t<style>\/*! elementor - v3.19.0 - 29-01-2024 *\/\n.elementor-widget-text-editor.elementor-drop-cap-view-stacked .elementor-drop-cap{background-color:#69727d;color:#fff}.elementor-widget-text-editor.elementor-drop-cap-view-framed .elementor-drop-cap{color:#69727d;border:3px solid;background-color:transparent}.elementor-widget-text-editor:not(.elementor-drop-cap-view-default) .elementor-drop-cap{margin-top:8px}.elementor-widget-text-editor:not(.elementor-drop-cap-view-default) .elementor-drop-cap-letter{width:1em;height:1em}.elementor-widget-text-editor .elementor-drop-cap{float:left;text-align:center;line-height:1;font-size:50px}.elementor-widget-text-editor .elementor-drop-cap-letter{display:inline-block}<\/style>\t\t\t\t<p>\u00a0<strong><a href=\"https:\/\/youtu.be\/CwN1mWCS9zQ?si=__DkPMCeAoPeVj-m&amp;utm_source=newsletter&amp;utm_medium=email&amp;utm_campaign=el_artista_urbano_manny_montes_presenta_envero_su_mas_reciente_album_musical&amp;utm_term=2024-10-15\" target=\"_blank\" rel=\"noopener\" data-link-id=\"1373893957\">\u201cEnvero\u201d<\/a><\/strong>\u00a0el nuevo proyecto musical de\u00a0<strong>Manny Montes<\/strong>\u00a0se presenta como una poderosa antesala al esperado \u00e1lbum &#8220;Vendimia&#8221;. Envero no es otra cosa que una de las etapas de maduraci\u00f3n de la uva antes de la cosecha, y en este caso refleja el tumultuoso proceso emocional y creativo que el artista ha enfrentado en los \u00faltimos tiempos.<\/p><p>En este \u00e1lbum se siente una atm\u00f3sfera densa y cargada de introspecci\u00f3n. Las letras exploran temas de fe, perseverancia y autodescubrimiento, encapsulando la esencia de un viaje personal lleno de obst\u00e1culos. La producci\u00f3n musical combina elementos de rap, reggaeton, afrobeat con melod\u00edas que evocan tanto a la lucha como a la esperanza, simbolizando el contraste entre la adversidad y la promesa de un futuro mejor en Dios. Los Legendarios, Barajas, Kaldtronik, El Zoprano son algunos de los productores encargados de darle un toque especial a esta pieza musical.<\/p><p>Uno de los momentos m\u00e1s destacados del \u00e1lbum es la colaboraci\u00f3n con Funky, artista con quien no hac\u00eda un junte hace m\u00e1s de 15 a\u00f1os. De igual manera tambi\u00e9n los cantantes urbanos: Alex Zurdo, Jay Kalyl y Pr\u00e1ctiko hacen parte del colectivo musical. Cada canci\u00f3n es una etapa del proceso de transformaci\u00f3n, donde el dolor se convierte en arte, y cada nota parece acercar al oyente a disfrutar el inminente proceso del &#8220;Envero&#8221;.<\/p>\t\t\t\t\t\t<\/div>\n\t\t\t\t<\/div>\n\t\t\t\t\t<\/div>\n\t\t\t\t<\/div>\n\t\t\t\t<\/div>\n\t\t","protected":false},"excerpt":{"rendered":"<p>\u00a0\u201cEnvero\u201d\u00a0el nuevo proyecto musical de\u00a0Manny Montes\u00a0se presenta como una poderosa antesala al esperado \u00e1lbum &#8220;Vendimia&#8221;. Envero no es otra cosa que una de las etapas de maduraci\u00f3n de la uva antes de la cosecha, y en este caso refleja el tumultuoso proceso emocional y creativo que el artista ha enfrentado en los \u00faltimos tiempos. En [&hellip;]<\/p>\n","protected":false},"author":1,"featured_media":3576,"comment_status":"open","ping_status":"open","sticky":false,"template":"","format":"standard","meta":{"_monsterinsights_skip_tracking":false,"_monsterinsights_sitenote_active":false,"_monsterinsights_sitenote_note":"","_monsterinsights_sitenote_category":0,"footnotes":""},"categories":[1],"tags":[],"aioseo_notices":[],"_links":{"self":[{"href":"https:\/\/desafiomedios.com\/index.php?rest_route=\/wp\/v2\/posts\/3574"}],"collection":[{"href":"https:\/\/desafiomedios.com\/index.php?rest_route=\/wp\/v2\/posts"}],"about":[{"href":"https:\/\/desafiomedios.com\/index.php?rest_route=\/wp\/v2\/types\/post"}],"author":[{"embeddable":true,"href":"https:\/\/desafiomedios.com\/index.php?rest_route=\/wp\/v2\/users\/1"}],"replies":[{"embeddable":true,"href":"https:\/\/desafiomedios.com\/index.php?rest_route=%2Fwp%2Fv2%2Fcomments&post=3574"}],"version-history":[{"count":4,"href":"https:\/\/desafiomedios.com\/index.php?rest_route=\/wp\/v2\/posts\/3574\/revisions"}],"predecessor-version":[{"id":3579,"href":"https:\/\/desafiomedios.com\/index.php?rest_route=\/wp\/v2\/posts\/3574\/revisions\/3579"}],"wp:featuredmedia":[{"embeddable":true,"href":"https:\/\/desafiomedios.com\/index.php?rest_route=\/wp\/v2\/media\/3576"}],"wp:attachment":[{"href":"https:\/\/desafiomedios.com\/index.php?rest_route=%2Fwp%2Fv2%2Fmedia&parent=3574"}],"wp:term":[{"taxonomy":"category","embeddable":true,"href":"https:\/\/desafiomedios.com\/index.php?rest_route=%2Fwp%2Fv2%2Fcategories&post=3574"},{"taxonomy":"post_tag","embeddable":true,"href":"https:\/\/desafiomedios.com\/index.php?rest_route=%2Fwp%2Fv2%2Ftags&post=3574"}],"curies":[{"name":"wp","href":"https:\/\/api.w.org\/{rel}","templated":true}]}}