{"id":3649,"date":"2024-10-24T16:25:07","date_gmt":"2024-10-24T14:25:07","guid":{"rendered":"https:\/\/desafiomedios.com\/?p=3649"},"modified":"2024-10-24T16:26:47","modified_gmt":"2024-10-24T14:26:47","slug":"cedecol-se-alista-para-su-congreso-nacional-un-encuentro-para-la-edificacion-y-unidad-del-cuerpo-de-cristo","status":"publish","type":"post","link":"https:\/\/desafiomedios.com\/?p=3649","title":{"rendered":"CEDECOL se alista para su Congreso Nacional: Un Encuentro para la Edificaci\u00f3n y Unidad del Cuerpo de Cristo"},"content":{"rendered":"\t\t<div data-elementor-type=\"wp-post\" data-elementor-id=\"3649\" class=\"elementor elementor-3649\">\n\t\t\t\t<div class=\"elementor-element elementor-element-122946c e-flex e-con-boxed e-con e-parent\" data-id=\"122946c\" data-element_type=\"container\" data-settings=\"{&quot;content_width&quot;:&quot;boxed&quot;}\" data-core-v316-plus=\"true\">\n\t\t\t\t\t<div class=\"e-con-inner\">\n\t\t\t\t<div class=\"elementor-element elementor-element-be616c1 elementor-widget elementor-widget-text-editor\" data-id=\"be616c1\" data-element_type=\"widget\" data-widget_type=\"text-editor.default\">\n\t\t\t\t<div class=\"elementor-widget-container\">\n\t\t\t<style>\/*! elementor - v3.19.0 - 29-01-2024 *\/\n.elementor-widget-text-editor.elementor-drop-cap-view-stacked .elementor-drop-cap{background-color:#69727d;color:#fff}.elementor-widget-text-editor.elementor-drop-cap-view-framed .elementor-drop-cap{color:#69727d;border:3px solid;background-color:transparent}.elementor-widget-text-editor:not(.elementor-drop-cap-view-default) .elementor-drop-cap{margin-top:8px}.elementor-widget-text-editor:not(.elementor-drop-cap-view-default) .elementor-drop-cap-letter{width:1em;height:1em}.elementor-widget-text-editor .elementor-drop-cap{float:left;text-align:center;line-height:1;font-size:50px}.elementor-widget-text-editor .elementor-drop-cap-letter{display:inline-block}<\/style>\t\t\t\t<p>Bogot\u00e1 D.C. 24 de octubre de 2024. La Confederaci\u00f3n Evang\u00e9lica de Colombia (CEDECOL) se complace en anunciar su Congreso Nacional, un evento de gran relevancia para el cuerpo de Cristo, que se llevar\u00e1 a cabo los d\u00edas 28, 29 y 30 de octubre. Este congreso est\u00e1 dise\u00f1ado como un espacio para la edificaci\u00f3n, formaci\u00f3n y comuni\u00f3n espiritual, donde pastores, l\u00edderes y servidores se reunir\u00e1n para recibir palabra inspiradora y herramientas para fortalecer sus ministerios en todo el pa\u00eds. El congreso contar\u00e1 con la intervenci\u00f3n de reconocidos conferencistas del \u00e1mbito nacional e internacional, quienes aportar\u00e1n su sabidur\u00eda y experiencia a trav\u00e9s de poderosas ense\u00f1anzas. Entre ellos se destacan: Pastor Juan Cruz, presidente de la Alianza Evang\u00e9lica Latina (AEL), quien traer\u00e1 un mensaje de unidad y fortalecimiento para el liderazgo cristiano en la regi\u00f3n. Pastor David Kornfield es misionero de OC Internacional, dedicado a catalizar movimientos pastorales en Am\u00e9rica Latina y \u00c1frica Occidental. Ap\u00f3stol Eduardo Ca\u00f1as, reconocido por su influencia en el desarrollo ministerial y por su llamado a la transformaci\u00f3n de las naciones. Pastor Juan Sebasti\u00e1n Rodr\u00edguez, l\u00edder espiritual con una s\u00f3lida trayectoria en la edificaci\u00f3n de la iglesia y el liderazgo pastoral. Pastora Lyda Arias de Garc\u00eda, presidenta de CEDECOL, quien compartir\u00e1 su visi\u00f3n para el futuro de la iglesia evang\u00e9lica en Colombia y los desaf\u00edos que enfrentamos como cuerpo de Cristo en la actualidad. El evento se llevar\u00e1 a cabo en las instalaciones de la Iglesia Vida en Acci\u00f3n de la Cruzada Cristiana, ubicada en un punto estrat\u00e9gico de f\u00e1cil acceso, lo que permitir\u00e1 la asistencia de una gran cantidad de pastores y l\u00edderes provenientes de diversas regiones del pa\u00eds.<br \/>El congreso comenzar\u00e1 oficialmente el lunes 28 de octubre a las 3:00 p.m., con una ceremonia de apertura que marcar\u00e1 el inicio de tres d\u00edas de intensa actividad espiritual. Las sesiones continuar\u00e1n el martes 29 y el mi\u00e9rcoles 30 de octubre, con un cierre especial que incluir\u00e1 un tiempo de oraci\u00f3n, adoraci\u00f3n y proclamaci\u00f3n de la Palabra. Durante el evento, se abordar\u00e1n temas relevantes para la iglesia contempor\u00e1nea, tales como el liderazgo efectivo, la unidad en el cuerpo de Cristo, la evangelizaci\u00f3n y el papel de la iglesia en la sociedad actual. Los asistentes podr\u00e1n disfrutar de tiempos de comuni\u00f3n, intercambio de experiencias y fortalecimiento de lazos ministeriales, con el fin de volver a sus congregaciones renovados y equipados para seguir avanzando en la obra del Se\u00f1or. CEDECOL invita a todos los pastores, l\u00edderes y creyentes comprometidos con el crecimiento del Reino de Dios a participar activamente en este congreso, que promete ser un punto de inflexi\u00f3n para el fortalecimiento de la iglesia evang\u00e9lica en Colombia. \u00a1No faltes, juntos podemos transformar vidas, comunidades y naciones! \u201cAs\u00ed que, hermanos m\u00edos amados, estad firmes y constantes, creciendo en la obra del Se\u00f1or siempre, sabiendo que vuestro trabajo en el Se\u00f1or no es en vano.\u201d \u2013 1 Corintios 15:58.<\/p>\t\t\t\t\t\t<\/div>\n\t\t\t\t<\/div>\n\t\t\t\t\t<\/div>\n\t\t\t\t<\/div>\n\t\t\t\t<\/div>\n\t\t","protected":false},"excerpt":{"rendered":"<p>Bogot\u00e1 D.C. 24 de octubre de 2024. La Confederaci\u00f3n Evang\u00e9lica de Colombia (CEDECOL) se complace en anunciar su Congreso Nacional, un evento de gran relevancia para el cuerpo de Cristo, que se llevar\u00e1 a cabo los d\u00edas 28, 29 y 30 de octubre. Este congreso est\u00e1 dise\u00f1ado como un espacio para la edificaci\u00f3n, formaci\u00f3n y [&hellip;]<\/p>\n","protected":false},"author":1,"featured_media":3651,"comment_status":"open","ping_status":"open","sticky":false,"template":"","format":"standard","meta":{"_monsterinsights_skip_tracking":false,"_monsterinsights_sitenote_active":false,"_monsterinsights_sitenote_note":"","_monsterinsights_sitenote_category":0,"footnotes":""},"categories":[1],"tags":[],"aioseo_notices":[],"_links":{"self":[{"href":"https:\/\/desafiomedios.com\/index.php?rest_route=\/wp\/v2\/posts\/3649"}],"collection":[{"href":"https:\/\/desafiomedios.com\/index.php?rest_route=\/wp\/v2\/posts"}],"about":[{"href":"https:\/\/desafiomedios.com\/index.php?rest_route=\/wp\/v2\/types\/post"}],"author":[{"embeddable":true,"href":"https:\/\/desafiomedios.com\/index.php?rest_route=\/wp\/v2\/users\/1"}],"replies":[{"embeddable":true,"href":"https:\/\/desafiomedios.com\/index.php?rest_route=%2Fwp%2Fv2%2Fcomments&post=3649"}],"version-history":[{"count":4,"href":"https:\/\/desafiomedios.com\/index.php?rest_route=\/wp\/v2\/posts\/3649\/revisions"}],"predecessor-version":[{"id":3654,"href":"https:\/\/desafiomedios.com\/index.php?rest_route=\/wp\/v2\/posts\/3649\/revisions\/3654"}],"wp:featuredmedia":[{"embeddable":true,"href":"https:\/\/desafiomedios.com\/index.php?rest_route=\/wp\/v2\/media\/3651"}],"wp:attachment":[{"href":"https:\/\/desafiomedios.com\/index.php?rest_route=%2Fwp%2Fv2%2Fmedia&parent=3649"}],"wp:term":[{"taxonomy":"category","embeddable":true,"href":"https:\/\/desafiomedios.com\/index.php?rest_route=%2Fwp%2Fv2%2Fcategories&post=3649"},{"taxonomy":"post_tag","embeddable":true,"href":"https:\/\/desafiomedios.com\/index.php?rest_route=%2Fwp%2Fv2%2Ftags&post=3649"}],"curies":[{"name":"wp","href":"https:\/\/api.w.org\/{rel}","templated":true}]}}