{"id":3697,"date":"2024-10-31T14:29:15","date_gmt":"2024-10-31T13:29:15","guid":{"rendered":"https:\/\/desafiomedios.com\/?p=3697"},"modified":"2024-10-31T14:32:12","modified_gmt":"2024-10-31T13:32:12","slug":"raul-sj-y-su-nuevo-sencilllo-no-me-dejes-caer","status":"publish","type":"post","link":"https:\/\/desafiomedios.com\/?p=3697","title":{"rendered":"Raul SJ y su nuevo sencilllo &#8220;No me dejes caer&#8221;"},"content":{"rendered":"\t\t<div data-elementor-type=\"wp-post\" data-elementor-id=\"3697\" class=\"elementor elementor-3697\">\n\t\t\t\t<div class=\"elementor-element elementor-element-f729112 e-flex e-con-boxed e-con e-parent\" data-id=\"f729112\" data-element_type=\"container\" data-settings=\"{&quot;content_width&quot;:&quot;boxed&quot;}\" data-core-v316-plus=\"true\">\n\t\t\t\t\t<div class=\"e-con-inner\">\n\t\t\t\t<div class=\"elementor-element elementor-element-5498c3f elementor-widget elementor-widget-text-editor\" data-id=\"5498c3f\" data-element_type=\"widget\" data-widget_type=\"text-editor.default\">\n\t\t\t\t<div class=\"elementor-widget-container\">\n\t\t\t<style>\/*! elementor - v3.19.0 - 29-01-2024 *\/\n.elementor-widget-text-editor.elementor-drop-cap-view-stacked .elementor-drop-cap{background-color:#69727d;color:#fff}.elementor-widget-text-editor.elementor-drop-cap-view-framed .elementor-drop-cap{color:#69727d;border:3px solid;background-color:transparent}.elementor-widget-text-editor:not(.elementor-drop-cap-view-default) .elementor-drop-cap{margin-top:8px}.elementor-widget-text-editor:not(.elementor-drop-cap-view-default) .elementor-drop-cap-letter{width:1em;height:1em}.elementor-widget-text-editor .elementor-drop-cap{float:left;text-align:center;line-height:1;font-size:50px}.elementor-widget-text-editor .elementor-drop-cap-letter{display:inline-block}<\/style>\t\t\t\t<p class=\"superimportant\"><strong class=\"superimportant\">Raul SJ<\/strong>\u00a0es un destacado salmista, predicador y l\u00edder de Cartagena, Colombia. A sus 34 a\u00f1os, ha dedicado m\u00e1s de una d\u00e9cada a llevar el mensaje del evangelio a trav\u00e9s de su ministerio\u00a0<strong class=\"superimportant\">SJ (Seguidores de Jesucristo)<\/strong>. Como esposo y padre de dos hijos, su vida refleja una devoci\u00f3n inquebrantable por Dios y su misi\u00f3n de transformar vidas a trav\u00e9s de la m\u00fasica y la predicaci\u00f3n.<\/p><p class=\"superimportant\">Con una s\u00f3lida formaci\u00f3n en la\u00a0<strong class=\"superimportant\">Iglesia Roca Viva<\/strong>, donde ha estado congregado por 17 a\u00f1os bajo el liderazgo de los pastores F\u00e9lix y Fany D\u00edaz de Se\u00f1as, Raul SJ ha sido llamado a evangelizar tanto en Colombia como en el extranjero. Su ministerio ha tocado corazones en iglesias, c\u00e1rceles, fundaciones y comunidades en pa\u00edses como Brasil y Per\u00fa, siguiendo siempre el llamado del Esp\u00edritu Santo.<\/p><p class=\"superimportant\">La carrera musical de Raul SJ tambi\u00e9n ha sido clave en su impacto evangel\u00edstico. Ha lanzado cuatro producciones musicales, que no solo han sido bien recibidas, sino que le han valido reconocimientos internacionales. En 2021, fue galardonado con el\u00a0<strong class=\"superimportant\">Premio Praise Music Awards<\/strong>\u00a0en Puerto Rico como Mejor Cantante Urbano. M\u00e1s recientemente, en 2024, fue reconocido con el\u00a0<strong class=\"superimportant\">Premio EXZENCIA de Cartagena<\/strong>, reafirmando su lugar como uno de los artistas cristianos m\u00e1s influyentes del Caribe.<\/p><p class=\"superimportant\">Actualmente, Raul SJ est\u00e1 promocionando su nueva canci\u00f3n titulada\u00a0<strong class=\"superimportant\">&#8220;No me dejes caer&#8221;<\/strong>, una poderosa alabanza que busca inspirar a las personas a mantener su fe en momentos de prueba. Esta nueva producci\u00f3n ha generado una gran expectativa entre sus seguidores y contin\u00faa mostrando su capacidad para crear m\u00fasica que toca el alma.<\/p>\t\t\t\t\t\t<\/div>\n\t\t\t\t<\/div>\n\t\t\t\t\t<\/div>\n\t\t\t\t<\/div>\n\t\t\t\t<\/div>\n\t\t","protected":false},"excerpt":{"rendered":"<p>Raul SJ\u00a0es un destacado salmista, predicador y l\u00edder de Cartagena, Colombia. A sus 34 a\u00f1os, ha dedicado m\u00e1s de una d\u00e9cada a llevar el mensaje del evangelio a trav\u00e9s de su ministerio\u00a0SJ (Seguidores de Jesucristo). Como esposo y padre de dos hijos, su vida refleja una devoci\u00f3n inquebrantable por Dios y su misi\u00f3n de transformar [&hellip;]<\/p>\n","protected":false},"author":1,"featured_media":3699,"comment_status":"open","ping_status":"open","sticky":false,"template":"","format":"standard","meta":{"_monsterinsights_skip_tracking":false,"_monsterinsights_sitenote_active":false,"_monsterinsights_sitenote_note":"","_monsterinsights_sitenote_category":0,"footnotes":""},"categories":[1],"tags":[],"aioseo_notices":[],"_links":{"self":[{"href":"https:\/\/desafiomedios.com\/index.php?rest_route=\/wp\/v2\/posts\/3697"}],"collection":[{"href":"https:\/\/desafiomedios.com\/index.php?rest_route=\/wp\/v2\/posts"}],"about":[{"href":"https:\/\/desafiomedios.com\/index.php?rest_route=\/wp\/v2\/types\/post"}],"author":[{"embeddable":true,"href":"https:\/\/desafiomedios.com\/index.php?rest_route=\/wp\/v2\/users\/1"}],"replies":[{"embeddable":true,"href":"https:\/\/desafiomedios.com\/index.php?rest_route=%2Fwp%2Fv2%2Fcomments&post=3697"}],"version-history":[{"count":4,"href":"https:\/\/desafiomedios.com\/index.php?rest_route=\/wp\/v2\/posts\/3697\/revisions"}],"predecessor-version":[{"id":3702,"href":"https:\/\/desafiomedios.com\/index.php?rest_route=\/wp\/v2\/posts\/3697\/revisions\/3702"}],"wp:featuredmedia":[{"embeddable":true,"href":"https:\/\/desafiomedios.com\/index.php?rest_route=\/wp\/v2\/media\/3699"}],"wp:attachment":[{"href":"https:\/\/desafiomedios.com\/index.php?rest_route=%2Fwp%2Fv2%2Fmedia&parent=3697"}],"wp:term":[{"taxonomy":"category","embeddable":true,"href":"https:\/\/desafiomedios.com\/index.php?rest_route=%2Fwp%2Fv2%2Fcategories&post=3697"},{"taxonomy":"post_tag","embeddable":true,"href":"https:\/\/desafiomedios.com\/index.php?rest_route=%2Fwp%2Fv2%2Ftags&post=3697"}],"curies":[{"name":"wp","href":"https:\/\/api.w.org\/{rel}","templated":true}]}}