{"id":3721,"date":"2024-11-05T16:00:02","date_gmt":"2024-11-05T15:00:02","guid":{"rendered":"https:\/\/desafiomedios.com\/?p=3721"},"modified":"2024-11-05T16:00:21","modified_gmt":"2024-11-05T15:00:21","slug":"tefy-gutierrez-y-rafa-rua-cierran-el-ano-con-yo-lo-creo","status":"publish","type":"post","link":"https:\/\/desafiomedios.com\/?p=3721","title":{"rendered":"Tefy Guti\u00e9rrez y Rafa Rua cierran el a\u00f1o con &#8220;Yo Lo Creo&#8221;"},"content":{"rendered":"\t\t<div data-elementor-type=\"wp-post\" data-elementor-id=\"3721\" class=\"elementor elementor-3721\">\n\t\t\t\t<div class=\"elementor-element elementor-element-2bc1c9d e-flex e-con-boxed e-con e-parent\" data-id=\"2bc1c9d\" data-element_type=\"container\" data-settings=\"{&quot;content_width&quot;:&quot;boxed&quot;}\" data-core-v316-plus=\"true\">\n\t\t\t\t\t<div class=\"e-con-inner\">\n\t\t\t\t<div class=\"elementor-element elementor-element-78ecc49 elementor-widget elementor-widget-text-editor\" data-id=\"78ecc49\" data-element_type=\"widget\" data-widget_type=\"text-editor.default\">\n\t\t\t\t<div class=\"elementor-widget-container\">\n\t\t\t<style>\/*! elementor - v3.19.0 - 29-01-2024 *\/\n.elementor-widget-text-editor.elementor-drop-cap-view-stacked .elementor-drop-cap{background-color:#69727d;color:#fff}.elementor-widget-text-editor.elementor-drop-cap-view-framed .elementor-drop-cap{color:#69727d;border:3px solid;background-color:transparent}.elementor-widget-text-editor:not(.elementor-drop-cap-view-default) .elementor-drop-cap{margin-top:8px}.elementor-widget-text-editor:not(.elementor-drop-cap-view-default) .elementor-drop-cap-letter{width:1em;height:1em}.elementor-widget-text-editor .elementor-drop-cap{float:left;text-align:center;line-height:1;font-size:50px}.elementor-widget-text-editor .elementor-drop-cap-letter{display:inline-block}<\/style>\t\t\t\t<p>El Ministerio Colombiano Tefy Guti\u00e9rrez y Rafa Rua, lanzan su nuevo tema titulado \u201cYo Lo Creo\u201d, una hermosa musicalizaci\u00f3n que combina patrones r\u00edtmicos del vallenato y otros sonidos caracter\u00edsticos como es el tropipop, rock y Randb.<\/p><p>\u201cYo lo creo\u201d es una canci\u00f3n de la autor\u00eda de Rafael Rua, esposo de Tefy, quien nos relata que durante la \u00e9poca de pandemia, luego de perder su empleo y estando reci\u00e9n casado, comenz\u00f3 a atravesar una crisis de Fe y a luchar contra el esp\u00edritu de depresi\u00f3n que lo llevaba a negarse en creer el mensaje b\u00edblico, pero que en un momento de lucidez pudo dirigirse a Dios en oraci\u00f3n y recibi\u00f3 por revelaci\u00f3n el salmo 23, el cual, en instantes se convirti\u00f3 en canci\u00f3n, y fue a trav\u00e9s de esta l\u00edrica que pudo sanar sus emociones y seguir adelante tan solo con decir \u201cYo lo creo\u201d.<\/p><p>\u00bfVale la pena creer en la palabra de Dios? La biblia es el fundamento de la Fe cristiana, y el mensaje de Dios a trav\u00e9s de \u00e9sta su palabra, tiene el poder de sembrar vida y de traer con suelo y esperanza aun en los peores momentos. Esta canci\u00f3n que nos invita a reconocer a Jes\u00fas como nuestro pastor y a confiar en que con \u00c9l nada nos faltar\u00e1.<\/p><p>Este tema fue producido por Kevin Rodr\u00edguez Olier en el estudio KRO Lab de la ciudad de Cartagena y mezclado por Mario Pinedo, cantante y productor colombiano. El lanzamiento de \u201cYo Lo Creo\u201d se realiza simult\u00e1neamente al de su videoclip oficial, dirigido por Isa\u00edas Villalba &amp; Una Voz Movimiento, grabado en unos paisajes espectaculares de Cartagena Colombia.<\/p><p>El tema\u00a0<em><strong>Yo Lo Creo<\/strong><\/em>\u00a0est\u00e1 disponible en todas las plataformas musicales de distribuci\u00f3n digital y pueden ver el videoclip en el canal de YouTube TEFY GUTI\u00c9RREZ Y RAFA RUA.<\/p>\t\t\t\t\t\t<\/div>\n\t\t\t\t<\/div>\n\t\t\t\t\t<\/div>\n\t\t\t\t<\/div>\n\t\t\t\t<\/div>\n\t\t","protected":false},"excerpt":{"rendered":"<p>El Ministerio Colombiano Tefy Guti\u00e9rrez y Rafa Rua, lanzan su nuevo tema titulado \u201cYo Lo Creo\u201d, una hermosa musicalizaci\u00f3n que combina patrones r\u00edtmicos del vallenato y otros sonidos caracter\u00edsticos como es el tropipop, rock y Randb. \u201cYo lo creo\u201d es una canci\u00f3n de la autor\u00eda de Rafael Rua, esposo de Tefy, quien nos relata que [&hellip;]<\/p>\n","protected":false},"author":1,"featured_media":3723,"comment_status":"open","ping_status":"open","sticky":false,"template":"","format":"standard","meta":{"_monsterinsights_skip_tracking":false,"_monsterinsights_sitenote_active":false,"_monsterinsights_sitenote_note":"","_monsterinsights_sitenote_category":0,"footnotes":""},"categories":[1],"tags":[],"aioseo_notices":[],"_links":{"self":[{"href":"https:\/\/desafiomedios.com\/index.php?rest_route=\/wp\/v2\/posts\/3721"}],"collection":[{"href":"https:\/\/desafiomedios.com\/index.php?rest_route=\/wp\/v2\/posts"}],"about":[{"href":"https:\/\/desafiomedios.com\/index.php?rest_route=\/wp\/v2\/types\/post"}],"author":[{"embeddable":true,"href":"https:\/\/desafiomedios.com\/index.php?rest_route=\/wp\/v2\/users\/1"}],"replies":[{"embeddable":true,"href":"https:\/\/desafiomedios.com\/index.php?rest_route=%2Fwp%2Fv2%2Fcomments&post=3721"}],"version-history":[{"count":4,"href":"https:\/\/desafiomedios.com\/index.php?rest_route=\/wp\/v2\/posts\/3721\/revisions"}],"predecessor-version":[{"id":3726,"href":"https:\/\/desafiomedios.com\/index.php?rest_route=\/wp\/v2\/posts\/3721\/revisions\/3726"}],"wp:featuredmedia":[{"embeddable":true,"href":"https:\/\/desafiomedios.com\/index.php?rest_route=\/wp\/v2\/media\/3723"}],"wp:attachment":[{"href":"https:\/\/desafiomedios.com\/index.php?rest_route=%2Fwp%2Fv2%2Fmedia&parent=3721"}],"wp:term":[{"taxonomy":"category","embeddable":true,"href":"https:\/\/desafiomedios.com\/index.php?rest_route=%2Fwp%2Fv2%2Fcategories&post=3721"},{"taxonomy":"post_tag","embeddable":true,"href":"https:\/\/desafiomedios.com\/index.php?rest_route=%2Fwp%2Fv2%2Ftags&post=3721"}],"curies":[{"name":"wp","href":"https:\/\/api.w.org\/{rel}","templated":true}]}}