{"id":3739,"date":"2024-11-07T14:45:50","date_gmt":"2024-11-07T13:45:50","guid":{"rendered":"https:\/\/desafiomedios.com\/?p=3739"},"modified":"2024-11-07T14:48:45","modified_gmt":"2024-11-07T13:48:45","slug":"lanzamiento-de-jael-del-orbe-titulado-paz","status":"publish","type":"post","link":"https:\/\/desafiomedios.com\/?p=3739","title":{"rendered":"LANZAMIENTO DE JAEL DEL ORBE TITULADO &#8220;PAZ&#8221;"},"content":{"rendered":"\t\t<div data-elementor-type=\"wp-post\" data-elementor-id=\"3739\" class=\"elementor elementor-3739\">\n\t\t\t\t<div class=\"elementor-element elementor-element-85fff04 e-flex e-con-boxed e-con e-parent\" data-id=\"85fff04\" data-element_type=\"container\" data-settings=\"{&quot;content_width&quot;:&quot;boxed&quot;}\" data-core-v316-plus=\"true\">\n\t\t\t\t\t<div class=\"e-con-inner\">\n\t\t\t\t<div class=\"elementor-element elementor-element-37a6611 elementor-widget elementor-widget-text-editor\" data-id=\"37a6611\" data-element_type=\"widget\" data-widget_type=\"text-editor.default\">\n\t\t\t\t<div class=\"elementor-widget-container\">\n\t\t\t<style>\/*! elementor - v3.19.0 - 29-01-2024 *\/\n.elementor-widget-text-editor.elementor-drop-cap-view-stacked .elementor-drop-cap{background-color:#69727d;color:#fff}.elementor-widget-text-editor.elementor-drop-cap-view-framed .elementor-drop-cap{color:#69727d;border:3px solid;background-color:transparent}.elementor-widget-text-editor:not(.elementor-drop-cap-view-default) .elementor-drop-cap{margin-top:8px}.elementor-widget-text-editor:not(.elementor-drop-cap-view-default) .elementor-drop-cap-letter{width:1em;height:1em}.elementor-widget-text-editor .elementor-drop-cap{float:left;text-align:center;line-height:1;font-size:50px}.elementor-widget-text-editor .elementor-drop-cap-letter{display:inline-block}<\/style>\t\t\t\t<p>Jael Del Orbe, talentosa cantante y compositora, se complace en anunciar el lanzamiento de su nuevo sencillo titulado \u201cPaz\u201d, disponible en todas las plataformas digitales desde el 1 de noviembre de 2024.<br \/>Esta canci\u00f3n, que combina magistralmente elementos de pop y R&amp;B, se convierte en un faro de esperanza en tiempos de adversidad.<br \/>La inspiraci\u00f3n para \u201cPaz\u201d surgi\u00f3 durante un momento de profunda meditaci\u00f3n en la palabra de Dios, espec\u00edficamente en Juan 14:27: \u201cLa paz os dejo, mi paz os doy; yo no os la doy como el mundo la da. No se turbe vuestro coraz\u00f3n, ni tenga miedo.\u201d A medida que Jael exploraba las promesas de paz que Dios nos ofrece, entendi\u00f3 la importancia de este mensaje en un mundo que a menudo se siente roto y ca\u00eddo. La revelaci\u00f3n de que \u201cpaz\u201d aparece m\u00e1s de 370 veces en la Biblia fue el catalizador que la llev\u00f3 a plasmar sus pensamientos y sentimientos en esta conmovedora canci\u00f3n.<br \/>\u201cPaz\u201d es mucho m\u00e1s que un sencillo; representa una invitaci\u00f3n a dejar atr\u00e1s la desesperanza y a optar por la verdad de Dios, una paz que trasciende el entendimiento humano y que solo se puede encontrar en Jes\u00fas. La letra inicia, \u201cVengan a m\u00ed, los que est\u00e1n hambrientos\u201d, encapsula la esencia del mensaje que Jael desea compartir: la promesa de que en medio de las tormentas de la vida, es posible hallar calma y seguridad en la fe.<br \/>La producci\u00f3n de este sencillo estuvo a cargo del reconocido productor Blacky RD, mientras que el video oficial fue realizado por Caliz Productions, ambos contribuyendo a la visi\u00f3n art\u00edstica de este poderoso mensaje de esperanza.<br \/>El video oficial de \u201cPaz\u201d tambi\u00e9n se encuentra disponible desde el 1 de noviembre de 2024, complementando la m\u00fasica con im\u00e1genes que transmiten el esp\u00edritu de la canci\u00f3n y su mensaje.<br \/>Jael Del Orbe invita a sus seguidores y al p\u00fablico en general a escuchar \u201cPaz\u201d y a recordar que, sin importar la adversidad, la paz verdadera se encuentra en Jes\u00fas.<\/p>\t\t\t\t\t\t<\/div>\n\t\t\t\t<\/div>\n\t\t\t\t\t<\/div>\n\t\t\t\t<\/div>\n\t\t\t\t<\/div>\n\t\t","protected":false},"excerpt":{"rendered":"<p>Jael Del Orbe, talentosa cantante y compositora, se complace en anunciar el lanzamiento de su nuevo sencillo titulado \u201cPaz\u201d, disponible en todas las plataformas digitales desde el 1 de noviembre de 2024.Esta canci\u00f3n, que combina magistralmente elementos de pop y R&amp;B, se convierte en un faro de esperanza en tiempos de adversidad.La inspiraci\u00f3n para \u201cPaz\u201d [&hellip;]<\/p>\n","protected":false},"author":1,"featured_media":3741,"comment_status":"open","ping_status":"open","sticky":false,"template":"","format":"standard","meta":{"_monsterinsights_skip_tracking":false,"_monsterinsights_sitenote_active":false,"_monsterinsights_sitenote_note":"","_monsterinsights_sitenote_category":0,"footnotes":""},"categories":[1],"tags":[],"aioseo_notices":[],"_links":{"self":[{"href":"https:\/\/desafiomedios.com\/index.php?rest_route=\/wp\/v2\/posts\/3739"}],"collection":[{"href":"https:\/\/desafiomedios.com\/index.php?rest_route=\/wp\/v2\/posts"}],"about":[{"href":"https:\/\/desafiomedios.com\/index.php?rest_route=\/wp\/v2\/types\/post"}],"author":[{"embeddable":true,"href":"https:\/\/desafiomedios.com\/index.php?rest_route=\/wp\/v2\/users\/1"}],"replies":[{"embeddable":true,"href":"https:\/\/desafiomedios.com\/index.php?rest_route=%2Fwp%2Fv2%2Fcomments&post=3739"}],"version-history":[{"count":4,"href":"https:\/\/desafiomedios.com\/index.php?rest_route=\/wp\/v2\/posts\/3739\/revisions"}],"predecessor-version":[{"id":3744,"href":"https:\/\/desafiomedios.com\/index.php?rest_route=\/wp\/v2\/posts\/3739\/revisions\/3744"}],"wp:featuredmedia":[{"embeddable":true,"href":"https:\/\/desafiomedios.com\/index.php?rest_route=\/wp\/v2\/media\/3741"}],"wp:attachment":[{"href":"https:\/\/desafiomedios.com\/index.php?rest_route=%2Fwp%2Fv2%2Fmedia&parent=3739"}],"wp:term":[{"taxonomy":"category","embeddable":true,"href":"https:\/\/desafiomedios.com\/index.php?rest_route=%2Fwp%2Fv2%2Fcategories&post=3739"},{"taxonomy":"post_tag","embeddable":true,"href":"https:\/\/desafiomedios.com\/index.php?rest_route=%2Fwp%2Fv2%2Ftags&post=3739"}],"curies":[{"name":"wp","href":"https:\/\/api.w.org\/{rel}","templated":true}]}}