{"id":3753,"date":"2024-11-08T17:46:20","date_gmt":"2024-11-08T16:46:20","guid":{"rendered":"https:\/\/desafiomedios.com\/?p=3753"},"modified":"2024-11-08T17:49:23","modified_gmt":"2024-11-08T16:49:23","slug":"el-talentoso-cantante-elio-alcindor-nos-da-a-conocer-su-nuevo-sencillo-musical-yo-te-bendecire","status":"publish","type":"post","link":"https:\/\/desafiomedios.com\/?p=3753","title":{"rendered":"El talentoso cantante Elio Alcindor nos da a conocer su Nuevo sencillo Musical  \u201cYo Te Bendecir\u00e9\u201d"},"content":{"rendered":"\t\t<div data-elementor-type=\"wp-post\" data-elementor-id=\"3753\" class=\"elementor elementor-3753\">\n\t\t\t\t<div class=\"elementor-element elementor-element-458a227 e-flex e-con-boxed e-con e-parent\" data-id=\"458a227\" data-element_type=\"container\" data-settings=\"{&quot;content_width&quot;:&quot;boxed&quot;}\" data-core-v316-plus=\"true\">\n\t\t\t\t\t<div class=\"e-con-inner\">\n\t\t\t\t<div class=\"elementor-element elementor-element-d1aa4f2 elementor-widget elementor-widget-text-editor\" data-id=\"d1aa4f2\" data-element_type=\"widget\" data-widget_type=\"text-editor.default\">\n\t\t\t\t<div class=\"elementor-widget-container\">\n\t\t\t<style>\/*! elementor - v3.19.0 - 29-01-2024 *\/\n.elementor-widget-text-editor.elementor-drop-cap-view-stacked .elementor-drop-cap{background-color:#69727d;color:#fff}.elementor-widget-text-editor.elementor-drop-cap-view-framed .elementor-drop-cap{color:#69727d;border:3px solid;background-color:transparent}.elementor-widget-text-editor:not(.elementor-drop-cap-view-default) .elementor-drop-cap{margin-top:8px}.elementor-widget-text-editor:not(.elementor-drop-cap-view-default) .elementor-drop-cap-letter{width:1em;height:1em}.elementor-widget-text-editor .elementor-drop-cap{float:left;text-align:center;line-height:1;font-size:50px}.elementor-widget-text-editor .elementor-drop-cap-letter{display:inline-block}<\/style>\t\t\t\t<p><span style=\"font-weight: 400;\">Para este tiempo, Elio nos trae la interpretaci\u00f3n del tema \u201cYo te Bendecir\u00e9\u201d, versi\u00f3n en espa\u00f1ol, grabado con la intenci\u00f3n de agradecerle a Dios por todo y exaltar Su nombre. \u201cEl tema fue inspirado desde lo m\u00e1s profundo de un coraz\u00f3n muy agradecido a Dios por todo\u201d.\u00a0<\/span><\/p><p><span style=\"font-weight: 400;\">Muchos de nosotros, de alguna manera u otra, \u201cHemos pasado por un momento dif\u00edcil en nuestras vidas, por situaciones complicadas donde no sabemos qu\u00e9 hacer. Si no fuera por Dios, qui\u00e9n sabe d\u00f3nde estuvi\u00e9ramos. Pero, tan grande es su amor, que \u00c9l se ha encargado de ayudarnos a levantarnos y poder seguir adelante.<\/span><\/p><p><span style=\"font-weight: 400;\">\u201cYo Te Bendecir\u00e9\u201d fue escrito por el cantautor Daniel Ojo.\u00a0 La ejecuci\u00f3n del tema tuvo la participaci\u00f3n de un gran equipo que incluye a varios talentos de muchos pa\u00edses. La grabaci\u00f3n de los instrumentos fue ejecutada en Nigeria, USA y Canad\u00e1. Los coristas fueron grabados en AudioMuse Studios en USA principalmente por Eric L\u00f3pez, Sara Castillo. Elio grab\u00f3 su lead vocal en Canad\u00e1 en los estudios de Esjay Music. La mezcla y el mastering en Outluk Mix. Candela Studios y Lii Studios se encargaron de la fotograf\u00eda y los dise\u00f1os de la portada y las redes sociales.\u00a0<\/span><\/p><p><span style=\"font-weight: 400;\">En esta oportunidad, Elio viaj\u00f3 hasta el Polo Sur en el pa\u00eds Suramericano &#8211; Chile para la grabaci\u00f3n del video oficial de \u201cYo Te Bendecir\u00e9\u201d. El video posteriormente fue editado en Canad\u00e1 por la Compa\u00f1\u00eda Pearfilms.<\/span><\/p><p><span style=\"font-weight: 400;\">El tema y el video oficial estar\u00e1n disponibles en todas las principales plataformas digitales de distribuci\u00f3n a partir de este pr\u00f3ximo Viernes 9 de noviembre.\u00a0 Agrega \u201cYo Te Bendecir\u00e9\u201d a tu playlist, desc\u00e1rgalo por las plataformas y visita el Canal Oficial de YouTube de este gran adorador de Dios para disfrutar de este nuevo lanzamiento.\u00a0<\/span><\/p><p><b><i>\u00a0\u00a0\u00a0\u00a0\u00a0\u00a0\u00a0\u00a0\u00a0\u00a0\u00a0\u00a0\u00a0\u00a0\u00a0\u00a0\u00a0\u00a0<\/i><\/b><\/p>\t\t\t\t\t\t<\/div>\n\t\t\t\t<\/div>\n\t\t\t\t\t<\/div>\n\t\t\t\t<\/div>\n\t\t\t\t<\/div>\n\t\t","protected":false},"excerpt":{"rendered":"<p>Para este tiempo, Elio nos trae la interpretaci\u00f3n del tema \u201cYo te Bendecir\u00e9\u201d, versi\u00f3n en espa\u00f1ol, grabado con la intenci\u00f3n de agradecerle a Dios por todo y exaltar Su nombre. \u201cEl tema fue inspirado desde lo m\u00e1s profundo de un coraz\u00f3n muy agradecido a Dios por todo\u201d.\u00a0 Muchos de nosotros, de alguna manera u otra, [&hellip;]<\/p>\n","protected":false},"author":1,"featured_media":3755,"comment_status":"open","ping_status":"open","sticky":false,"template":"","format":"standard","meta":{"_monsterinsights_skip_tracking":false,"_monsterinsights_sitenote_active":false,"_monsterinsights_sitenote_note":"","_monsterinsights_sitenote_category":0,"footnotes":""},"categories":[1],"tags":[],"aioseo_notices":[],"_links":{"self":[{"href":"https:\/\/desafiomedios.com\/index.php?rest_route=\/wp\/v2\/posts\/3753"}],"collection":[{"href":"https:\/\/desafiomedios.com\/index.php?rest_route=\/wp\/v2\/posts"}],"about":[{"href":"https:\/\/desafiomedios.com\/index.php?rest_route=\/wp\/v2\/types\/post"}],"author":[{"embeddable":true,"href":"https:\/\/desafiomedios.com\/index.php?rest_route=\/wp\/v2\/users\/1"}],"replies":[{"embeddable":true,"href":"https:\/\/desafiomedios.com\/index.php?rest_route=%2Fwp%2Fv2%2Fcomments&post=3753"}],"version-history":[{"count":4,"href":"https:\/\/desafiomedios.com\/index.php?rest_route=\/wp\/v2\/posts\/3753\/revisions"}],"predecessor-version":[{"id":3758,"href":"https:\/\/desafiomedios.com\/index.php?rest_route=\/wp\/v2\/posts\/3753\/revisions\/3758"}],"wp:featuredmedia":[{"embeddable":true,"href":"https:\/\/desafiomedios.com\/index.php?rest_route=\/wp\/v2\/media\/3755"}],"wp:attachment":[{"href":"https:\/\/desafiomedios.com\/index.php?rest_route=%2Fwp%2Fv2%2Fmedia&parent=3753"}],"wp:term":[{"taxonomy":"category","embeddable":true,"href":"https:\/\/desafiomedios.com\/index.php?rest_route=%2Fwp%2Fv2%2Fcategories&post=3753"},{"taxonomy":"post_tag","embeddable":true,"href":"https:\/\/desafiomedios.com\/index.php?rest_route=%2Fwp%2Fv2%2Ftags&post=3753"}],"curies":[{"name":"wp","href":"https:\/\/api.w.org\/{rel}","templated":true}]}}