{"id":3783,"date":"2024-11-12T15:12:36","date_gmt":"2024-11-12T14:12:36","guid":{"rendered":"https:\/\/desafiomedios.com\/?p=3783"},"modified":"2024-11-12T15:14:09","modified_gmt":"2024-11-12T14:14:09","slug":"la-cantante-ana-bolivar-estrena-el-album-la-vida-comienza","status":"publish","type":"post","link":"https:\/\/desafiomedios.com\/?p=3783","title":{"rendered":"La cantante Ana Bol\u00edvar estrena el \u00e1lbum \u201cLa Vida Comienza\u201d."},"content":{"rendered":"\t\t<div data-elementor-type=\"wp-post\" data-elementor-id=\"3783\" class=\"elementor elementor-3783\">\n\t\t\t\t<div class=\"elementor-element elementor-element-b2290aa e-flex e-con-boxed e-con e-parent\" data-id=\"b2290aa\" data-element_type=\"container\" data-settings=\"{&quot;content_width&quot;:&quot;boxed&quot;}\" data-core-v316-plus=\"true\">\n\t\t\t\t\t<div class=\"e-con-inner\">\n\t\t\t\t<div class=\"elementor-element elementor-element-56b7817 elementor-widget elementor-widget-text-editor\" data-id=\"56b7817\" data-element_type=\"widget\" data-widget_type=\"text-editor.default\">\n\t\t\t\t<div class=\"elementor-widget-container\">\n\t\t\t<style>\/*! elementor - v3.19.0 - 29-01-2024 *\/\n.elementor-widget-text-editor.elementor-drop-cap-view-stacked .elementor-drop-cap{background-color:#69727d;color:#fff}.elementor-widget-text-editor.elementor-drop-cap-view-framed .elementor-drop-cap{color:#69727d;border:3px solid;background-color:transparent}.elementor-widget-text-editor:not(.elementor-drop-cap-view-default) .elementor-drop-cap{margin-top:8px}.elementor-widget-text-editor:not(.elementor-drop-cap-view-default) .elementor-drop-cap-letter{width:1em;height:1em}.elementor-widget-text-editor .elementor-drop-cap{float:left;text-align:center;line-height:1;font-size:50px}.elementor-widget-text-editor .elementor-drop-cap-letter{display:inline-block}<\/style>\t\t\t\t<p><strong>\u201cLa Vida Comienza\u201d<\/strong>\u00a0es un viaje musical que explora el poder de la fe y la espiritualidad para transformar y renovar nuestras vidas. A trav\u00e9s de cada canci\u00f3n,\u00a0<strong>Ana Bol\u00edvar\u00a0<\/strong>busca transmitir un mensaje de esperanza, recordando que con Dios siempre existe una nueva oportunidad para empezar de nuevo. Las letras, inspiradas en encuentros personales con Dios, reflejan la certeza de que la verdadera vida comienza cuando abrimos el coraz\u00f3n a Su voluntad, sin importar las circunstancias. Este \u00e1lbum incluye canciones dise\u00f1adas para acompa\u00f1ar a las personas en diferentes momentos de su vida, sirviendo como herramientas de \u00e1nimo, descanso, oraci\u00f3n y alivio.<\/p><p><em><strong>\u201cRealizar La Vida Comienza ha sido una experiencia profundamente transformadora para m\u00ed, tanto a nivel personal como art\u00edstico. Cada canci\u00f3n es fruto de momentos de reflexi\u00f3n, oraci\u00f3n y conexi\u00f3n espiritual, representando mi forma de vivir mi fe hoy. Este proyecto es mucho m\u00e1s que m\u00fasica; ha sido un camino de crecimiento interior, mi obra m\u00e1s personal,\u201d explica Ana Bol\u00edvar. \u201cEl proceso creativo me permiti\u00f3 explorar nuevas formas de expresar mi fe, vertiendo mis emociones y experiencias m\u00e1s sinceras en cada melod\u00eda y letra. Este disco no solo representa mi evoluci\u00f3n como artista, sino tambi\u00e9n mi deseo de compartir un mensaje de esperanza y renovaci\u00f3n con quienes lo escuchen.\u201d<\/strong><\/em><\/p><p>Los videos que acompa\u00f1an\u00a0<strong>La Vida Comienza<\/strong>\u00a0ofrecen una apuesta visual fresca y din\u00e1mica, dise\u00f1ada para ser atractiva y f\u00e1cilmente digerible. Cada video busca capturar la esencia de las canciones a trav\u00e9s de im\u00e1genes sencillas pero poderosas, que resuenen con el p\u00fablico, invit\u00e1ndolos a conectarse con el mensaje de forma repetida. Con una est\u00e9tica cuidadosamente trabajada, la intenci\u00f3n es que cada pieza audiovisual se convierta en una extensi\u00f3n de la m\u00fasica, creando una experiencia fluida que los espectadores deseen disfrutar una y otra vez.<\/p><p>El plan con \u201c<strong>La Vida Comienza\u201d<\/strong>\u00a0es continuar compartiendo el mensaje en diversos formatos, para llegar a una audiencia cada vez mayor. Ana y su equipo est\u00e1n preparando versiones ac\u00fasticas del \u00e1lbum y lanzar\u00e1n videos de las colaboraciones especiales, piezas clave que aportan perspectivas \u00fanicas que enriquecen el disco. Los visuales reflejar\u00e1n la diversidad art\u00edstica y espiritual de cada colaboraci\u00f3n, conectando a\u00fan m\u00e1s profundamente con la audiencia.<\/p><p>Con estos lanzamientos, se espera seguir expandiendo el alcance de La Vida Comienza, compartiendo un mensaje de fe, renovaci\u00f3n y esperanza que inspire a todos los que lo escuchen.<\/p><p class=\"last-child\">Con estos lanzamientos,\u00a0<strong>Ana Bol\u00edvar\u00a0<\/strong>de la mano de<strong>\u00a0ONErpm\u00a0<\/strong>y su equipo esperan seguir expandiendo el alcance de\u00a0<strong>*La Vida Comienza*<\/strong>, compartiendo un mensaje de fe, renovaci\u00f3n y esperanza que inspire a todos los que lo escuchen.<\/p>\t\t\t\t\t\t<\/div>\n\t\t\t\t<\/div>\n\t\t\t\t\t<\/div>\n\t\t\t\t<\/div>\n\t\t\t\t<\/div>\n\t\t","protected":false},"excerpt":{"rendered":"<p>\u201cLa Vida Comienza\u201d\u00a0es un viaje musical que explora el poder de la fe y la espiritualidad para transformar y renovar nuestras vidas. A trav\u00e9s de cada canci\u00f3n,\u00a0Ana Bol\u00edvar\u00a0busca transmitir un mensaje de esperanza, recordando que con Dios siempre existe una nueva oportunidad para empezar de nuevo. Las letras, inspiradas en encuentros personales con Dios, reflejan [&hellip;]<\/p>\n","protected":false},"author":1,"featured_media":3785,"comment_status":"open","ping_status":"open","sticky":false,"template":"","format":"standard","meta":{"_monsterinsights_skip_tracking":false,"_monsterinsights_sitenote_active":false,"_monsterinsights_sitenote_note":"","_monsterinsights_sitenote_category":0,"footnotes":""},"categories":[1],"tags":[],"aioseo_notices":[],"_links":{"self":[{"href":"https:\/\/desafiomedios.com\/index.php?rest_route=\/wp\/v2\/posts\/3783"}],"collection":[{"href":"https:\/\/desafiomedios.com\/index.php?rest_route=\/wp\/v2\/posts"}],"about":[{"href":"https:\/\/desafiomedios.com\/index.php?rest_route=\/wp\/v2\/types\/post"}],"author":[{"embeddable":true,"href":"https:\/\/desafiomedios.com\/index.php?rest_route=\/wp\/v2\/users\/1"}],"replies":[{"embeddable":true,"href":"https:\/\/desafiomedios.com\/index.php?rest_route=%2Fwp%2Fv2%2Fcomments&post=3783"}],"version-history":[{"count":4,"href":"https:\/\/desafiomedios.com\/index.php?rest_route=\/wp\/v2\/posts\/3783\/revisions"}],"predecessor-version":[{"id":3788,"href":"https:\/\/desafiomedios.com\/index.php?rest_route=\/wp\/v2\/posts\/3783\/revisions\/3788"}],"wp:featuredmedia":[{"embeddable":true,"href":"https:\/\/desafiomedios.com\/index.php?rest_route=\/wp\/v2\/media\/3785"}],"wp:attachment":[{"href":"https:\/\/desafiomedios.com\/index.php?rest_route=%2Fwp%2Fv2%2Fmedia&parent=3783"}],"wp:term":[{"taxonomy":"category","embeddable":true,"href":"https:\/\/desafiomedios.com\/index.php?rest_route=%2Fwp%2Fv2%2Fcategories&post=3783"},{"taxonomy":"post_tag","embeddable":true,"href":"https:\/\/desafiomedios.com\/index.php?rest_route=%2Fwp%2Fv2%2Ftags&post=3783"}],"curies":[{"name":"wp","href":"https:\/\/api.w.org\/{rel}","templated":true}]}}