{"id":3789,"date":"2024-11-12T15:18:13","date_gmt":"2024-11-12T14:18:13","guid":{"rendered":"https:\/\/desafiomedios.com\/?p=3789"},"modified":"2024-11-12T15:20:20","modified_gmt":"2024-11-12T14:20:20","slug":"marcos-pagan-presento-eres-una-balada-que-inspira-a-rendirnos-a-dios","status":"publish","type":"post","link":"https:\/\/desafiomedios.com\/?p=3789","title":{"rendered":"Marcos Pag\u00e1n Present\u00f3 &#8216;Eres&#8217; Una balada que Inspira a Rendirnos a Dios"},"content":{"rendered":"\t\t<div data-elementor-type=\"wp-post\" data-elementor-id=\"3789\" class=\"elementor elementor-3789\">\n\t\t\t\t<div class=\"elementor-element elementor-element-3966bf7 e-flex e-con-boxed e-con e-parent\" data-id=\"3966bf7\" data-element_type=\"container\" data-settings=\"{&quot;content_width&quot;:&quot;boxed&quot;}\" data-core-v316-plus=\"true\">\n\t\t\t\t\t<div class=\"e-con-inner\">\n\t\t\t\t<div class=\"elementor-element elementor-element-ed528df elementor-widget elementor-widget-text-editor\" data-id=\"ed528df\" data-element_type=\"widget\" data-widget_type=\"text-editor.default\">\n\t\t\t\t<div class=\"elementor-widget-container\">\n\t\t\t<style>\/*! elementor - v3.19.0 - 29-01-2024 *\/\n.elementor-widget-text-editor.elementor-drop-cap-view-stacked .elementor-drop-cap{background-color:#69727d;color:#fff}.elementor-widget-text-editor.elementor-drop-cap-view-framed .elementor-drop-cap{color:#69727d;border:3px solid;background-color:transparent}.elementor-widget-text-editor:not(.elementor-drop-cap-view-default) .elementor-drop-cap{margin-top:8px}.elementor-widget-text-editor:not(.elementor-drop-cap-view-default) .elementor-drop-cap-letter{width:1em;height:1em}.elementor-widget-text-editor .elementor-drop-cap{float:left;text-align:center;line-height:1;font-size:50px}.elementor-widget-text-editor .elementor-drop-cap-letter{display:inline-block}<\/style>\t\t\t\t<p><span style=\"font-weight: 400;\">El cantante y compositor puertorrique\u00f1o <\/span><i><span style=\"font-weight: 400;\">Marcos Pag\u00e1n<\/span><\/i><span style=\"font-weight: 400;\"> lanza su nuevo sencillo titulado <\/span><b>\u201cEres\u201d<\/b><span style=\"font-weight: 400;\">.\u00a0 Este tema exalta los atributos de Dios y su grandeza. Inspirado por el Esp\u00edritu Santo, Marcos describe este tema como una conversaci\u00f3n \u00edntima con Dios, en la que expresa su admiraci\u00f3n y reconocimiento a la soberan\u00eda divina. La letra de este tema lleg\u00f3 un d\u00eda que Marcos se encontraba de regreso a su hogar junto a su esposa. Empez\u00f3 a cantar la melod\u00eda y empez\u00f3 a fluir la letra y r\u00e1pidamente le pidi\u00f3 a su esposa que la escribiera.<\/span><\/p><p><b>\u201cEres\u201d<\/b><span style=\"font-weight: 400;\"> es una declaraci\u00f3n de fe que invita a cada oyente a rendirse a los pies de Jes\u00fas y experimentar Su presencia mientras lo adoran. Seg\u00fan Marcos Pag\u00e1n, &#8220;Dios es grande y poderoso, y no hay nada imposible para \u00e9l, su anhelo es que aquellos que no conocen a Jes\u00fas se rindan a sus pies, y que los que ya lo conocen puedan sentir Su presencia a trav\u00e9s de esta canci\u00f3n&#8221;.<\/span><\/p><p><span style=\"font-weight: 400;\">Este tema es de autor\u00eda de Marcos, cuenta con una producci\u00f3n impecable, realizada por <\/span><i><span style=\"font-weight: 400;\">Kervin Lebron<\/span><\/i><span style=\"font-weight: 400;\">, y combina pianos, pads y una orquestaci\u00f3n sinf\u00f3nica con violines, violas y cellos. Grabado en <\/span><i><span style=\"font-weight: 400;\">Atlanta, Georgia<\/span><\/i><span style=\"font-weight: 400;\">, con mezclas y masterizaci\u00f3n de <\/span><i><span style=\"font-weight: 400;\">Josu\u00e9 \u00c1vila<\/span><\/i><span style=\"font-weight: 400;\"> en <\/span><i><span style=\"font-weight: 400;\">Orlando, FL<\/span><\/i><span style=\"font-weight: 400;\">, la voz de Marcos fue registrada en su estudio personal <\/span><i><span style=\"font-weight: 400;\">Socram Studio<\/span><\/i><span style=\"font-weight: 400;\"> en <\/span><i><span style=\"font-weight: 400;\">DeLand, FL<\/span><\/i><span style=\"font-weight: 400;\">. La combinaci\u00f3n de estos elementos crea una atm\u00f3sfera especial que acompa\u00f1a perfectamente la letra de la canci\u00f3n y dan como resultado una poderosa balada moderna.<\/span><\/p><p><span style=\"font-weight: 400;\">El sencillo <\/span><b>\u201cEres\u201d<\/b><span style=\"font-weight: 400;\"> ya est\u00e1 disponible en todas las plataformas digitales, incluyendo YouTube, Spotify, Apple Music y Amazon Music, entre otras.<\/span><\/p><p><span style=\"font-weight: 400;\">El lanzamiento de <\/span><b>\u201cEres\u201d<\/b><span style=\"font-weight: 400;\"> tambi\u00e9n viene acompa\u00f1ado de un videoclip oficial, dirigido por <\/span><i><span style=\"font-weight: 400;\">Gabriel Fern\u00e1ndez<\/span><\/i><span style=\"font-weight: 400;\"> de <\/span><i><span style=\"font-weight: 400;\">FilmoLogix<\/span><\/i><span style=\"font-weight: 400;\">. El video fue grabado en el estudio de TV de <\/span><i><span style=\"font-weight: 400;\">Calvary Orlando<\/span><\/i><span style=\"font-weight: 400;\"> en Orlando, FL, y utiliza un humo al inicio que representa la nube de la presencia de Dios que rodea al cantante mientras lo adora. Las luces blancas brillantes representan el resplandor de Dios, su pureza y grandeza. El mensaje del video es claro: Dios es grande y poderoso y no hay nada imposible para \u00c9l. \u00c9l lo cubre todo.<\/span><\/p><p><span style=\"font-weight: 400;\">Actualmente, <\/span><i><span style=\"font-weight: 400;\">Marcos Pag\u00e1n<\/span><\/i><span style=\"font-weight: 400;\"> contin\u00faa promoviendo <\/span><b>&#8220;Eres&#8221;<\/b><span style=\"font-weight: 400;\"> mientras trabaja en nuevos temas para lanzar su EP en 2025. Su deseo es que esta canci\u00f3n sea de bendici\u00f3n para todos aquellos que la escuchen, transformando vidas y acerc\u00e1ndolas a Dios.<\/span><\/p><p><b><i>S\u00e9 que este tema ser\u00e1 de gran bendici\u00f3n para cada persona que la escuche. Le pido a Dios que \u00e9l transforme, sane, liberte a trav\u00e9s de esta canci\u00f3n.<\/i><\/b><\/p><p>\u00a0<\/p><p><span style=\"font-weight: 400;\">\u00a0<\/span><\/p><p><b>REDES SOCIALES DE MARCOS PAG\u00c1N\u00a0<\/b><\/p><ul><li style=\"font-weight: 400;\" aria-level=\"1\"><span style=\"font-weight: 400;\">Instagram: <\/span><a href=\"https:\/\/www.instagram.com\/marcospagan_\/\"><span style=\"font-weight: 400;\">@marcospagan_<\/span><\/a><\/li><li style=\"font-weight: 400;\" aria-level=\"1\"><span style=\"font-weight: 400;\">Facebook: <\/span><a href=\"https:\/\/www.facebook.com\/marcospaganmusic\"><span style=\"font-weight: 400;\">\/marcospaganmusic<\/span><\/a><\/li><li style=\"font-weight: 400;\" aria-level=\"1\"><span style=\"font-weight: 400;\">YouTube: <\/span><a href=\"https:\/\/youtube.com\/@marcospagan_?si=sBJ1eGWABSBptGFi\"><span style=\"font-weight: 400;\">@marcospagan_<\/span><\/a><\/li><li style=\"font-weight: 400;\" aria-level=\"1\"><span style=\"font-weight: 400;\">Link al video: <\/span><a href=\"https:\/\/www.youtube.com\/watch?v=Jtvxw9lziWg\"><span style=\"font-weight: 400;\">https:\/\/www.youtube.com\/watch?v=Jtvxw9lziWg<\/span><\/a><span style=\"font-weight: 400;\">\u00a0<\/span><\/li><\/ul><p><span style=\"font-weight: 400;\">Para m\u00e1s informaci\u00f3n, entrevistas o detalles sobre futuros lanzamientos, pueden estar atentos a trav\u00e9s de las redes sociales.<\/span><\/p><h3><b>SOBRE MARCOS PAG\u00c1N<\/b><\/h3><p><i><span style=\"font-weight: 400;\">Marcos Pag\u00e1n<\/span><\/i><span style=\"font-weight: 400;\"> es un cantante, compositor y l\u00edder de adoraci\u00f3n puertorrique\u00f1o, nacido en Connecticut el 29 de mayo de 1975, hijo de los puertorrique\u00f1os Jos\u00e9 Pag\u00e1n y Carmen Pag\u00e1n, es el segundo de cuatro hermanos. Criado en un hogar cristiano, acept\u00f3 a Jes\u00fas como su salvador a la temprana edad de 11 a\u00f1os.\u00a0<\/span><\/p><p><span style=\"font-weight: 400;\">Actualmente, reside en <\/span><i><span style=\"font-weight: 400;\">DeLand, FL<\/span><\/i><span style=\"font-weight: 400;\">, donde combina su carrera como <\/span><i><span style=\"font-weight: 400;\">IT Manager<\/span><\/i><span style=\"font-weight: 400;\"> para el gobierno federal con su pasi\u00f3n por la m\u00fasica cristiana.<\/span><\/p><p><span style=\"font-weight: 400;\">Marcos ha estado casado por 15 a\u00f1os y es padre de tres hijos. A lo largo de su vida, ha buscado dejar un legado espiritual, utilizando su m\u00fasica para inspirar y acercar a otros a Dios. Su m\u00e1s reciente sencillo, <\/span><b>\u201cEres\u201d<\/b><span style=\"font-weight: 400;\">, es una muestra de su deseo de ver corazones transformados por la presencia de Dios.\u00a0<\/span><\/p><p><span style=\"font-weight: 400;\">En la actualidad trabaja en su primer EP, programado para lanzarse en 2025.<\/span><\/p>\t\t\t\t\t\t<\/div>\n\t\t\t\t<\/div>\n\t\t\t\t\t<\/div>\n\t\t\t\t<\/div>\n\t\t\t\t<\/div>\n\t\t","protected":false},"excerpt":{"rendered":"<p>El cantante y compositor puertorrique\u00f1o Marcos Pag\u00e1n lanza su nuevo sencillo titulado \u201cEres\u201d.\u00a0 Este tema exalta los atributos de Dios y su grandeza. Inspirado por el Esp\u00edritu Santo, Marcos describe este tema como una conversaci\u00f3n \u00edntima con Dios, en la que expresa su admiraci\u00f3n y reconocimiento a la soberan\u00eda divina. La letra de este tema [&hellip;]<\/p>\n","protected":false},"author":1,"featured_media":3791,"comment_status":"open","ping_status":"open","sticky":false,"template":"","format":"standard","meta":{"_monsterinsights_skip_tracking":false,"_monsterinsights_sitenote_active":false,"_monsterinsights_sitenote_note":"","_monsterinsights_sitenote_category":0,"footnotes":""},"categories":[1],"tags":[],"aioseo_notices":[],"_links":{"self":[{"href":"https:\/\/desafiomedios.com\/index.php?rest_route=\/wp\/v2\/posts\/3789"}],"collection":[{"href":"https:\/\/desafiomedios.com\/index.php?rest_route=\/wp\/v2\/posts"}],"about":[{"href":"https:\/\/desafiomedios.com\/index.php?rest_route=\/wp\/v2\/types\/post"}],"author":[{"embeddable":true,"href":"https:\/\/desafiomedios.com\/index.php?rest_route=\/wp\/v2\/users\/1"}],"replies":[{"embeddable":true,"href":"https:\/\/desafiomedios.com\/index.php?rest_route=%2Fwp%2Fv2%2Fcomments&post=3789"}],"version-history":[{"count":4,"href":"https:\/\/desafiomedios.com\/index.php?rest_route=\/wp\/v2\/posts\/3789\/revisions"}],"predecessor-version":[{"id":3794,"href":"https:\/\/desafiomedios.com\/index.php?rest_route=\/wp\/v2\/posts\/3789\/revisions\/3794"}],"wp:featuredmedia":[{"embeddable":true,"href":"https:\/\/desafiomedios.com\/index.php?rest_route=\/wp\/v2\/media\/3791"}],"wp:attachment":[{"href":"https:\/\/desafiomedios.com\/index.php?rest_route=%2Fwp%2Fv2%2Fmedia&parent=3789"}],"wp:term":[{"taxonomy":"category","embeddable":true,"href":"https:\/\/desafiomedios.com\/index.php?rest_route=%2Fwp%2Fv2%2Fcategories&post=3789"},{"taxonomy":"post_tag","embeddable":true,"href":"https:\/\/desafiomedios.com\/index.php?rest_route=%2Fwp%2Fv2%2Ftags&post=3789"}],"curies":[{"name":"wp","href":"https:\/\/api.w.org\/{rel}","templated":true}]}}