{"id":3828,"date":"2024-11-15T15:14:03","date_gmt":"2024-11-15T14:14:03","guid":{"rendered":"https:\/\/desafiomedios.com\/?p=3828"},"modified":"2024-11-15T15:15:14","modified_gmt":"2024-11-15T14:15:14","slug":"eli-badillo-lanza-su-nuevo-sencillo-paz-en-un-mensaje-de-esperanza-y-confianza","status":"publish","type":"post","link":"https:\/\/desafiomedios.com\/?p=3828","title":{"rendered":"ELI BADILLO LANZA SU NUEVO SENCILLO &#8220;PAZ&#8221; EN UN MENSAJE DE ESPERANZA Y CONFIANZA"},"content":{"rendered":"\t\t<div data-elementor-type=\"wp-post\" data-elementor-id=\"3828\" class=\"elementor elementor-3828\">\n\t\t\t\t<div class=\"elementor-element elementor-element-f4d35f2 e-flex e-con-boxed e-con e-parent\" data-id=\"f4d35f2\" data-element_type=\"container\" data-settings=\"{&quot;content_width&quot;:&quot;boxed&quot;}\" data-core-v316-plus=\"true\">\n\t\t\t\t\t<div class=\"e-con-inner\">\n\t\t\t\t<div class=\"elementor-element elementor-element-392af2e elementor-widget elementor-widget-text-editor\" data-id=\"392af2e\" data-element_type=\"widget\" data-widget_type=\"text-editor.default\">\n\t\t\t\t<div class=\"elementor-widget-container\">\n\t\t\t<style>\/*! elementor - v3.19.0 - 29-01-2024 *\/\n.elementor-widget-text-editor.elementor-drop-cap-view-stacked .elementor-drop-cap{background-color:#69727d;color:#fff}.elementor-widget-text-editor.elementor-drop-cap-view-framed .elementor-drop-cap{color:#69727d;border:3px solid;background-color:transparent}.elementor-widget-text-editor:not(.elementor-drop-cap-view-default) .elementor-drop-cap{margin-top:8px}.elementor-widget-text-editor:not(.elementor-drop-cap-view-default) .elementor-drop-cap-letter{width:1em;height:1em}.elementor-widget-text-editor .elementor-drop-cap{float:left;text-align:center;line-height:1;font-size:50px}.elementor-widget-text-editor .elementor-drop-cap-letter{display:inline-block}<\/style>\t\t\t\t<p>El cantante y compositor Eli Badillo ha lanzado su esperada nueva canci\u00f3n titulada &#8220;Paz\u201d, un tema lleno de esperanza y confianza basado en las poderosas palabras de Jes\u00fas en Juan 14:27, donde \u00c9l nos promete una paz que sobrepasa todo entendimiento, diferente a la paz que el mundo ofrece. Esta emotiva balada pop invita a la reflexi\u00f3n sobre c\u00f3mo, a pesar de las dificultades y circunstancias adversas, podemos vivir con la seguridad de que la paz de Dios nos acompa\u00f1ar\u00e1 siempre.<\/p><p>&#8220;Paz&#8221; es una canci\u00f3n que refleja la promesa divina de que, aunque el mundo nos ofrezca tribulaciones, podemos mantener la calma y la fe en medio de la tormenta, porque la presencia de Jes\u00fas es una fuente inquebrantable de serenidad. En palabras de Eli Badillo: \u201cEste tema busca transmitir que, incluso cuando todo parece ir mal, podemos tener la confianza de que no estamos solos. La paz de Jes\u00fas es una paz que nos sostiene, que nos da fuerza para enfrentar cualquier situaci\u00f3n.\u201d<\/p><p>La canci\u00f3n fue escrita y compuesta por Eli Badillo, quien ha sido reconocido por su habilidad para conectar con su audiencia a trav\u00e9s de letras profundas y emotivas. Para la producci\u00f3n, Badillo se asoci\u00f3 con el renombrado productor musical Wilkins Maldonado, conocido por su trabajo con artistas de renombre y por su capacidad para fusionar sonidos contempor\u00e1neos con mensaje positivo. El tema fue mezclado y masterizado por H\u00e9ctor John de Audioproducci\u00f3n, quien aport\u00f3 su experiencia en la creaci\u00f3n de un sonido de alta calidad que resalta la esencia de la canci\u00f3n.<\/p><p>\u201cPaz \u201ctambi\u00e9n cuenta con un videoclip realizado por Primog\u00e9nito Films;\u00a0 filmado en la hermosa isla de Puerto Rico. El video captura visualmente el mensaje de la canci\u00f3n, mostrando escenas de serenidad y esperanza, mientras se conecta con la naturaleza y los paisajes locales, en un perfecto complemento con el tono introspectivo y relajante de la balada.<\/p><p>Este lanzamiento llega tras una exitosa serie de giras en Estados Unidos y Puerto Rico, donde Eli Badillo ha sido recibido con entusiasmo por su p\u00fablico, tanto por su talento como por su mensaje de fe y esperanza. Con \u201cPaz\u201d, Eli Badillo contin\u00faa consolidando su carrera musical.<\/p><p>&#8220;Paz&#8221; est\u00e1 disponible en todas las plataformas digitales y el video oficial se puede disfrutar en su canal de YouTube este pr\u00f3ximo mi\u00e9rcoles 13 de noviembre de 2024.<\/p><p>Para m\u00e1s informaci\u00f3n y actualizaciones sobre el artista, puedes seguirlo en sus redes sociales. Para contacto de prensa comunicarse con la agencia GC Music Business.<\/p><p>Redes Sociales:<\/p><p>Facebook: <a href=\"https:\/\/www.facebook.com\/eliseobadillojr\/\">https:\/\/www.facebook.com\/eliseobadillojr\/<\/a><\/p><p>Instagram: <a href=\"https:\/\/www.instagram.com\/ebadillojr\/\">https:\/\/www.instagram.com\/ebadillojr\/<\/a><\/p><p>Youtube: <a href=\"https:\/\/www.youtube.com\/user\/badilloify?sub_confirmation=1\">https:\/\/www.youtube.com\/user\/badilloify?sub_confirmation=1<\/a><\/p><p>Spotify: <a href=\"https:\/\/open.spotify.com\/intl-es\/artist\/6wmF3vrwQBBKRDnaDJtPIG\">https:\/\/open.spotify.com\/intl-es\/artist\/6wmF3vrwQBBKRDnaDJtPIG<\/a><\/p><p>\u00a0<\/p>\t\t\t\t\t\t<\/div>\n\t\t\t\t<\/div>\n\t\t\t\t\t<\/div>\n\t\t\t\t<\/div>\n\t\t\t\t<\/div>\n\t\t","protected":false},"excerpt":{"rendered":"<p>El cantante y compositor Eli Badillo ha lanzado su esperada nueva canci\u00f3n titulada &#8220;Paz\u201d, un tema lleno de esperanza y confianza basado en las poderosas palabras de Jes\u00fas en Juan 14:27, donde \u00c9l nos promete una paz que sobrepasa todo entendimiento, diferente a la paz que el mundo ofrece. Esta emotiva balada pop invita a [&hellip;]<\/p>\n","protected":false},"author":1,"featured_media":3830,"comment_status":"open","ping_status":"open","sticky":false,"template":"","format":"standard","meta":{"_monsterinsights_skip_tracking":false,"_monsterinsights_sitenote_active":false,"_monsterinsights_sitenote_note":"","_monsterinsights_sitenote_category":0,"footnotes":""},"categories":[1],"tags":[],"aioseo_notices":[],"_links":{"self":[{"href":"https:\/\/desafiomedios.com\/index.php?rest_route=\/wp\/v2\/posts\/3828"}],"collection":[{"href":"https:\/\/desafiomedios.com\/index.php?rest_route=\/wp\/v2\/posts"}],"about":[{"href":"https:\/\/desafiomedios.com\/index.php?rest_route=\/wp\/v2\/types\/post"}],"author":[{"embeddable":true,"href":"https:\/\/desafiomedios.com\/index.php?rest_route=\/wp\/v2\/users\/1"}],"replies":[{"embeddable":true,"href":"https:\/\/desafiomedios.com\/index.php?rest_route=%2Fwp%2Fv2%2Fcomments&post=3828"}],"version-history":[{"count":4,"href":"https:\/\/desafiomedios.com\/index.php?rest_route=\/wp\/v2\/posts\/3828\/revisions"}],"predecessor-version":[{"id":3833,"href":"https:\/\/desafiomedios.com\/index.php?rest_route=\/wp\/v2\/posts\/3828\/revisions\/3833"}],"wp:featuredmedia":[{"embeddable":true,"href":"https:\/\/desafiomedios.com\/index.php?rest_route=\/wp\/v2\/media\/3830"}],"wp:attachment":[{"href":"https:\/\/desafiomedios.com\/index.php?rest_route=%2Fwp%2Fv2%2Fmedia&parent=3828"}],"wp:term":[{"taxonomy":"category","embeddable":true,"href":"https:\/\/desafiomedios.com\/index.php?rest_route=%2Fwp%2Fv2%2Fcategories&post=3828"},{"taxonomy":"post_tag","embeddable":true,"href":"https:\/\/desafiomedios.com\/index.php?rest_route=%2Fwp%2Fv2%2Ftags&post=3828"}],"curies":[{"name":"wp","href":"https:\/\/api.w.org\/{rel}","templated":true}]}}