{"id":3863,"date":"2024-11-15T20:02:04","date_gmt":"2024-11-15T19:02:04","guid":{"rendered":"https:\/\/desafiomedios.com\/?p=3863"},"modified":"2024-11-15T20:02:51","modified_gmt":"2024-11-15T19:02:51","slug":"leon-55-llega-a-la-escena-musical-como-solista-con-su-produccion-dependo-de-ti","status":"publish","type":"post","link":"https:\/\/desafiomedios.com\/?p=3863","title":{"rendered":"Le\u00f3n 55 llega a la escena musical como solista con su producci\u00f3n \u00abDependo de ti\u00bb"},"content":{"rendered":"\t\t<div data-elementor-type=\"wp-post\" data-elementor-id=\"3863\" class=\"elementor elementor-3863\">\n\t\t\t\t<div class=\"elementor-element elementor-element-c1db223 e-flex e-con-boxed e-con e-parent\" data-id=\"c1db223\" data-element_type=\"container\" data-settings=\"{&quot;content_width&quot;:&quot;boxed&quot;}\" data-core-v316-plus=\"true\">\n\t\t\t\t\t<div class=\"e-con-inner\">\n\t\t\t\t<div class=\"elementor-element elementor-element-b39110c elementor-widget elementor-widget-text-editor\" data-id=\"b39110c\" data-element_type=\"widget\" data-widget_type=\"text-editor.default\">\n\t\t\t\t<div class=\"elementor-widget-container\">\n\t\t\t<style>\/*! elementor - v3.19.0 - 29-01-2024 *\/\n.elementor-widget-text-editor.elementor-drop-cap-view-stacked .elementor-drop-cap{background-color:#69727d;color:#fff}.elementor-widget-text-editor.elementor-drop-cap-view-framed .elementor-drop-cap{color:#69727d;border:3px solid;background-color:transparent}.elementor-widget-text-editor:not(.elementor-drop-cap-view-default) .elementor-drop-cap{margin-top:8px}.elementor-widget-text-editor:not(.elementor-drop-cap-view-default) .elementor-drop-cap-letter{width:1em;height:1em}.elementor-widget-text-editor .elementor-drop-cap{float:left;text-align:center;line-height:1;font-size:50px}.elementor-widget-text-editor .elementor-drop-cap-letter{display:inline-block}<\/style>\t\t\t\t<p>El cantante y compositor colombiano, Juan Moreno o mejor conocido como Le\u00f3n 55, retorna a la escena musical con un concepto totalmente renovado a trav\u00e9s de su primera placa discogr\u00e1fica como solista titulada \u00abDependo de ti\u00bb, disco producido por los multiganadores del Grammy Latino, Javier Serrano y Juan David Botello.<\/p><p>Luego de m\u00e1s de una d\u00e9cada en la escena musical como int\u00e9rprete y compartir escenarios junto a grandes exponentes de la m\u00fasica cristiana en Latinoam\u00e9rica, hoy Le\u00f3n 55 se presenta como solista, exponiendo una propuesta tan latina como sus propias ra\u00edces, fusionando la riqueza de los g\u00e9neros hispanos que han sido parte de su trayectoria.<\/p><p>Actualmente, Le\u00f3n 55 es parte activa del ministerio de su iglesia local en Bogot\u00e1, sirviendo como l\u00edder de alabanza en Tabern\u00e1culo de la Fe, por ello, esta nueva placa discogr\u00e1fica es la respuesta palpable de a\u00f1os de entrega, preparaci\u00f3n y experiencias reales de fe, sanidad y milagros en su vida y familia.<\/p><p>\u00abEste nuevo \u00e1lbum refleja vivencias profundas de mi temporada fuera de los escenarios. A trav\u00e9s de cada canci\u00f3n comparto los desaf\u00edos que surgieron en ese per\u00edodo, tan profundos y reales para m\u00ed como el proceso de adaptaci\u00f3n a una vida en otro pa\u00eds, los momentos m\u00e1s dif\u00edciles durante esta temporada, los desafiantes retos de salud que vivimos con mi hija mayor; entre otras situaciones que han sido fundamentales para dar vida a este proyecto que tiene un objetivo claro: conectar, inspirar y mostrar el poder de la fe en medio de las pruebas y los desiertos\u00bb, afirm\u00f3 el cantautor.<\/p><p>\u00abDependo de ti\u00bb ofrece una fusi\u00f3n de sonidos latinos con ritmos colombianos como la cumbia, combinados con el sabor del funk para crear un estilo fresco y vibrante. Sin duda, uno de los aspectos m\u00e1s destacados de este \u00e1lbum es la profundidad de las letras de cada canci\u00f3n, las cuales transmiten un mensaje que espera resonar con el oyente a trav\u00e9s de la fe, la esperanza y la voluntad de Dios.<\/p><p>Uno de los plus m\u00e1s importantes de este nuevo \u00e1lbum de Le\u00f3n 55 es la participaci\u00f3n de importantes invitados entre los que se encuentran m\u00fasicos y cantantes como Daniela Galeano y la agrupaci\u00f3n DeLuz, adem\u00e1s de reconocidos productores como Javier Serrano, Juan David Botello y Fabi\u00e1n Hern\u00e1ndez; quienes aportaron su talento y enriquecieron a\u00fan m\u00e1s esta propuesta musical.<\/p><p>\u00abA trav\u00e9s de las canciones quiero expresar que, sin importar las circunstancias, los momentos dif\u00edciles o las crisis que enfrentemos, dependemos de Dios al 100%. En la vida de todo ser humano llega siempre un punto en el que entendemos que debemos dejar de luchar contra las adversidades y reconocer nuestra necesidad de Dios, son esos momentos \u00fanicos en lo que nos rendimos por completo y decimos: Dios, dependo de ti, ya no puedo m\u00e1s en mis propias fuerzas\u00bb, puntualiz\u00f3 Le\u00f3n 55.<\/p><p>De esta manera, \u00abQuiero\u00bb se convierte en el primer sencillo promocional de este \u00e1lbum \u00abDependo de ti\u00bb, una nueva canci\u00f3n que fusiona ritmos como la cumbia y el rock, creando una mezcla vibrante y llena de energ\u00eda. Adem\u00e1s, en el coro se integran arreglos de vientos que aportan un toque latino \u00fanico, realzando la esencia de la canci\u00f3n y llev\u00e1ndola a nuevas dimensiones sonoras. Esta combinaci\u00f3n de estilos busca capturar la riqueza de las influencias latinas, mientras se mantiene fiel a una propuesta fresca y original.<\/p><p>As\u00ed, la canci\u00f3n \u00abQuiero\u00bb acompa\u00f1ada de su respectivo v\u00eddeo clip:\u00a0<a href=\"https:\/\/www.youtube.com\/watch?v=zkgZgcPFSws\">Quiero &#8211; LE\u00d3N 55<\/a>, se lanza oficialmente a todos los medios de comunicaci\u00f3n cristianos de Latinoam\u00e9rica a partir de este momento y se puede ver en el canal de YouTube y escuchar a trav\u00e9s de todas las plataformas digitales.<\/p>\t\t\t\t\t\t<\/div>\n\t\t\t\t<\/div>\n\t\t\t\t\t<\/div>\n\t\t\t\t<\/div>\n\t\t\t\t<\/div>\n\t\t","protected":false},"excerpt":{"rendered":"<p>El cantante y compositor colombiano, Juan Moreno o mejor conocido como Le\u00f3n 55, retorna a la escena musical con un concepto totalmente renovado a trav\u00e9s de su primera placa discogr\u00e1fica como solista titulada \u00abDependo de ti\u00bb, disco producido por los multiganadores del Grammy Latino, Javier Serrano y Juan David Botello. Luego de m\u00e1s de una [&hellip;]<\/p>\n","protected":false},"author":1,"featured_media":3865,"comment_status":"open","ping_status":"open","sticky":false,"template":"","format":"standard","meta":{"_monsterinsights_skip_tracking":false,"_monsterinsights_sitenote_active":false,"_monsterinsights_sitenote_note":"","_monsterinsights_sitenote_category":0,"footnotes":""},"categories":[1],"tags":[],"aioseo_notices":[],"_links":{"self":[{"href":"https:\/\/desafiomedios.com\/index.php?rest_route=\/wp\/v2\/posts\/3863"}],"collection":[{"href":"https:\/\/desafiomedios.com\/index.php?rest_route=\/wp\/v2\/posts"}],"about":[{"href":"https:\/\/desafiomedios.com\/index.php?rest_route=\/wp\/v2\/types\/post"}],"author":[{"embeddable":true,"href":"https:\/\/desafiomedios.com\/index.php?rest_route=\/wp\/v2\/users\/1"}],"replies":[{"embeddable":true,"href":"https:\/\/desafiomedios.com\/index.php?rest_route=%2Fwp%2Fv2%2Fcomments&post=3863"}],"version-history":[{"count":4,"href":"https:\/\/desafiomedios.com\/index.php?rest_route=\/wp\/v2\/posts\/3863\/revisions"}],"predecessor-version":[{"id":3868,"href":"https:\/\/desafiomedios.com\/index.php?rest_route=\/wp\/v2\/posts\/3863\/revisions\/3868"}],"wp:featuredmedia":[{"embeddable":true,"href":"https:\/\/desafiomedios.com\/index.php?rest_route=\/wp\/v2\/media\/3865"}],"wp:attachment":[{"href":"https:\/\/desafiomedios.com\/index.php?rest_route=%2Fwp%2Fv2%2Fmedia&parent=3863"}],"wp:term":[{"taxonomy":"category","embeddable":true,"href":"https:\/\/desafiomedios.com\/index.php?rest_route=%2Fwp%2Fv2%2Fcategories&post=3863"},{"taxonomy":"post_tag","embeddable":true,"href":"https:\/\/desafiomedios.com\/index.php?rest_route=%2Fwp%2Fv2%2Ftags&post=3863"}],"curies":[{"name":"wp","href":"https:\/\/api.w.org\/{rel}","templated":true}]}}