{"id":3869,"date":"2024-11-18T15:08:53","date_gmt":"2024-11-18T14:08:53","guid":{"rendered":"https:\/\/desafiomedios.com\/?p=3869"},"modified":"2024-11-18T15:09:16","modified_gmt":"2024-11-18T14:09:16","slug":"el-nuevo-ep-esencia-de-cathy-jimenez","status":"publish","type":"post","link":"https:\/\/desafiomedios.com\/?p=3869","title":{"rendered":"El nuevo EP &#8220;Esencia&#8221; de Cathy Jim\u00e9nez"},"content":{"rendered":"\t\t<div data-elementor-type=\"wp-post\" data-elementor-id=\"3869\" class=\"elementor elementor-3869\">\n\t\t\t\t<div class=\"elementor-element elementor-element-025de44 e-flex e-con-boxed e-con e-parent\" data-id=\"025de44\" data-element_type=\"container\" data-settings=\"{&quot;content_width&quot;:&quot;boxed&quot;}\" data-core-v316-plus=\"true\">\n\t\t\t\t\t<div class=\"e-con-inner\">\n\t\t\t\t<div class=\"elementor-element elementor-element-3f158f0 elementor-widget elementor-widget-text-editor\" data-id=\"3f158f0\" data-element_type=\"widget\" data-widget_type=\"text-editor.default\">\n\t\t\t\t<div class=\"elementor-widget-container\">\n\t\t\t<style>\/*! elementor - v3.19.0 - 29-01-2024 *\/\n.elementor-widget-text-editor.elementor-drop-cap-view-stacked .elementor-drop-cap{background-color:#69727d;color:#fff}.elementor-widget-text-editor.elementor-drop-cap-view-framed .elementor-drop-cap{color:#69727d;border:3px solid;background-color:transparent}.elementor-widget-text-editor:not(.elementor-drop-cap-view-default) .elementor-drop-cap{margin-top:8px}.elementor-widget-text-editor:not(.elementor-drop-cap-view-default) .elementor-drop-cap-letter{width:1em;height:1em}.elementor-widget-text-editor .elementor-drop-cap{float:left;text-align:center;line-height:1;font-size:50px}.elementor-widget-text-editor .elementor-drop-cap-letter{display:inline-block}<\/style>\t\t\t\t<p>&#8220;Esencia&#8221; es una canci\u00f3n inspirada en la historia de Marta y Mar\u00eda, narrada en Lucas 10:38-42. En esta conmovedora composici\u00f3n, Cathy Jim\u00e9nez nos lleva a reflexionar sobre c\u00f3mo incluso nuestras labores para Jes\u00fas pueden convertirse en distracciones que nos impiden acercarnos a Sus pies.<\/p><p>\u201cLa esencia de esta canci\u00f3n radica en el reconocimiento de que Sus palabras son vida, plenitud y el mayor deleite\u201d, comenta Cathy. \u201cCuando miramos Sus ojos, no queda espacio para las distracciones, porque Su belleza y pureza cautivan todo nuestro ser\u201d. Este mensaje profundo invita a reevaluar nuestras prioridades y a buscar ese tiempo invaluable en la presencia de Dios, por encima de cualquier actividad o logro.<\/p><p>Cathy comparte tambi\u00e9n una confesi\u00f3n personal: \u201cA veces me he sentido tan atareada y distra\u00edda de Su voz, incluso al entregar canciones. Pero no quiero distraerme, ni siquiera con lo que hago en Su nombre. Lo quiero a \u00c9l. Quiero enamorarme m\u00e1s de Su Palabra y de Su presencia que de las canciones que pueda cantar o de los momentos fuera de ese lugar secreto\u201d.<\/p><p>La canci\u00f3n, concebida como una oraci\u00f3n, toma la perspectiva de Marta y expresa un anhelo por regresar a la mirada de Jes\u00fas: \u201cJes\u00fas, recu\u00e9rdame que simplemente necesito mirarte a ti. Por favor, llama mi atenci\u00f3n cuando las distracciones me envuelven, cuando apagan el fuego y aumentan mi queja. Hazme volver a tu mirada otra vez\u201d.<\/p><p>Finalmente, Cathy resalta que no hay innovaciones que puedan reemplazar la b\u00fasqueda \u00edntima de Dios. \u201cLa Palabra de Dios es la misma ayer, hoy y siempre. &#8220;Cielo y tierra pasar\u00e1n, pero Su Palabra no pasar\u00e1&#8221;. Podemos innovar en muchas \u00e1reas, pero nunca habr\u00e1 tecnolog\u00eda ni avance que sustituya la plenitud que encontramos al rendirnos en Su presencia\u201d.<\/p><p>&#8220;Esencia&#8221; no solo es una invitaci\u00f3n a la adoraci\u00f3n, sino tambi\u00e9n un recordatorio de que lo m\u00e1s valioso siempre ser\u00e1 estar a los pies de Jes\u00fas, dejando que Su voz y Su mirada transformen nuestra vida.<\/p>\t\t\t\t\t\t<\/div>\n\t\t\t\t<\/div>\n\t\t\t\t\t<\/div>\n\t\t\t\t<\/div>\n\t\t\t\t<\/div>\n\t\t","protected":false},"excerpt":{"rendered":"<p>&#8220;Esencia&#8221; es una canci\u00f3n inspirada en la historia de Marta y Mar\u00eda, narrada en Lucas 10:38-42. En esta conmovedora composici\u00f3n, Cathy Jim\u00e9nez nos lleva a reflexionar sobre c\u00f3mo incluso nuestras labores para Jes\u00fas pueden convertirse en distracciones que nos impiden acercarnos a Sus pies. \u201cLa esencia de esta canci\u00f3n radica en el reconocimiento de que [&hellip;]<\/p>\n","protected":false},"author":1,"featured_media":3872,"comment_status":"open","ping_status":"open","sticky":false,"template":"","format":"standard","meta":{"_monsterinsights_skip_tracking":false,"_monsterinsights_sitenote_active":false,"_monsterinsights_sitenote_note":"","_monsterinsights_sitenote_category":0,"footnotes":""},"categories":[1],"tags":[],"aioseo_notices":[],"_links":{"self":[{"href":"https:\/\/desafiomedios.com\/index.php?rest_route=\/wp\/v2\/posts\/3869"}],"collection":[{"href":"https:\/\/desafiomedios.com\/index.php?rest_route=\/wp\/v2\/posts"}],"about":[{"href":"https:\/\/desafiomedios.com\/index.php?rest_route=\/wp\/v2\/types\/post"}],"author":[{"embeddable":true,"href":"https:\/\/desafiomedios.com\/index.php?rest_route=\/wp\/v2\/users\/1"}],"replies":[{"embeddable":true,"href":"https:\/\/desafiomedios.com\/index.php?rest_route=%2Fwp%2Fv2%2Fcomments&post=3869"}],"version-history":[{"count":4,"href":"https:\/\/desafiomedios.com\/index.php?rest_route=\/wp\/v2\/posts\/3869\/revisions"}],"predecessor-version":[{"id":3875,"href":"https:\/\/desafiomedios.com\/index.php?rest_route=\/wp\/v2\/posts\/3869\/revisions\/3875"}],"wp:featuredmedia":[{"embeddable":true,"href":"https:\/\/desafiomedios.com\/index.php?rest_route=\/wp\/v2\/media\/3872"}],"wp:attachment":[{"href":"https:\/\/desafiomedios.com\/index.php?rest_route=%2Fwp%2Fv2%2Fmedia&parent=3869"}],"wp:term":[{"taxonomy":"category","embeddable":true,"href":"https:\/\/desafiomedios.com\/index.php?rest_route=%2Fwp%2Fv2%2Fcategories&post=3869"},{"taxonomy":"post_tag","embeddable":true,"href":"https:\/\/desafiomedios.com\/index.php?rest_route=%2Fwp%2Fv2%2Ftags&post=3869"}],"curies":[{"name":"wp","href":"https:\/\/api.w.org\/{rel}","templated":true}]}}