{"id":5994,"date":"2025-05-30T20:20:33","date_gmt":"2025-05-30T18:20:33","guid":{"rendered":"https:\/\/desafiomedios.com\/?p=5994"},"modified":"2025-05-30T20:21:54","modified_gmt":"2025-05-30T18:21:54","slug":"juan-carlos-alvarado-presenta-esencia-un-viaje-a-las-raices-del-evangelio-y-el-fruto-de-40-anos-de-ministerio","status":"publish","type":"post","link":"https:\/\/desafiomedios.com\/?p=5994","title":{"rendered":"Juan Carlos Alvarado presenta Esencia, un viaje a las ra\u00edces del evangelio y el fruto de 40 a\u00f1os de ministerio"},"content":{"rendered":"\t\t<div data-elementor-type=\"wp-post\" data-elementor-id=\"5994\" class=\"elementor elementor-5994\">\n\t\t\t\t<div class=\"elementor-element elementor-element-dc3d618 e-flex e-con-boxed e-con e-parent\" data-id=\"dc3d618\" data-element_type=\"container\" data-settings=\"{&quot;content_width&quot;:&quot;boxed&quot;}\" data-core-v316-plus=\"true\">\n\t\t\t\t\t<div class=\"e-con-inner\">\n\t\t\t\t<div class=\"elementor-element elementor-element-26570df elementor-widget elementor-widget-text-editor\" data-id=\"26570df\" data-element_type=\"widget\" data-widget_type=\"text-editor.default\">\n\t\t\t\t<div class=\"elementor-widget-container\">\n\t\t\t<style>\/*! elementor - v3.19.0 - 29-01-2024 *\/\n.elementor-widget-text-editor.elementor-drop-cap-view-stacked .elementor-drop-cap{background-color:#69727d;color:#fff}.elementor-widget-text-editor.elementor-drop-cap-view-framed .elementor-drop-cap{color:#69727d;border:3px solid;background-color:transparent}.elementor-widget-text-editor:not(.elementor-drop-cap-view-default) .elementor-drop-cap{margin-top:8px}.elementor-widget-text-editor:not(.elementor-drop-cap-view-default) .elementor-drop-cap-letter{width:1em;height:1em}.elementor-widget-text-editor .elementor-drop-cap{float:left;text-align:center;line-height:1;font-size:50px}.elementor-widget-text-editor .elementor-drop-cap-letter{display:inline-block}<\/style>\t\t\t\t<p>Uno de los pioneros y referentes indiscutibles de la alabanza y adoraci\u00f3n en espa\u00f1ol,\u00a0Juan Carlos Alvarado, presenta\u00a0<a href=\"https:\/\/adl9b6dab.cc.rs6.net\/tn.jsp?f=001T_t9Y2eOsUnpX0sJWqBYndyfCGxk5ipdFEuH8ZtfdTksQWhfZr8Uzi7l1lEpzClF3d0AQiXiWXxW03bHwni9WzP-1bOXpcQDaFeE8AT87QOvsnFh0xTsiCSLPobxKuESYoEebiYEdQz5HkLajTnuCLFoKJ0duv1N&amp;c=JoZGyBH1NPSr2MTnG3fD9jhYe08UfFYg-UC1lP8N36NGBi7uIV5faQ==&amp;ch=bF9g99XBpLkwu2iffq6KfTm5-STQdFlNbguVxsS7KDNNVQf3qkslGQ==\" target=\"_blank\" rel=\"noopener noreferrer\" data-saferedirecturl=\"https:\/\/www.google.com\/url?q=https:\/\/adl9b6dab.cc.rs6.net\/tn.jsp?f%3D001T_t9Y2eOsUnpX0sJWqBYndyfCGxk5ipdFEuH8ZtfdTksQWhfZr8Uzi7l1lEpzClF3d0AQiXiWXxW03bHwni9WzP-1bOXpcQDaFeE8AT87QOvsnFh0xTsiCSLPobxKuESYoEebiYEdQz5HkLajTnuCLFoKJ0duv1N%26c%3DJoZGyBH1NPSr2MTnG3fD9jhYe08UfFYg-UC1lP8N36NGBi7uIV5faQ%3D%3D%26ch%3DbF9g99XBpLkwu2iffq6KfTm5-STQdFlNbguVxsS7KDNNVQf3qkslGQ%3D%3D&amp;source=gmail&amp;ust=1748714131135000&amp;usg=AOvVaw05lbjI1TAQGA8Cg4Nj5xoN\">Esencia<\/a>,\u00a0un proyecto que marca su regreso discogr\u00e1fico, quince a\u00f1os despu\u00e9s de su \u00faltimo lanzamiento.<\/p><p align=\"justify\">Producido por el ganador del Latin GRAMMY\u00ae, Ariel Garc\u00eda, el \u00e1lbum ofrece 14 temas divididos en 3 medleys y 5 baladas que recogen la profundidad l\u00edrica de los \u00faltimos a\u00f1os de Alvarado. Los mismos son parte de un proceso personal desarrollado a lo largo de 40 a\u00f1os, desde que el cantante emprendi\u00f3 su ministerio.\u00a0<\/p><p align=\"justify\">Su tem\u00e1tica aborda la identidad, la raz\u00f3n de la existencia humana, la figura de Cristo, y el t\u00edtulo se debe a la esencia del evangelio, mostrando diversas facetas de la vida en comunidad.\u00a0<\/p><p align=\"justify\">De acuerdo con el int\u00e9rprete, cada tema est\u00e1 pensado como una experiencia compartida, convirti\u00e9ndose en una herramienta ideal para la iglesia.\u00a0\u00abRepresentan un regreso a las sendas donde todo comenz\u00f3; no se trata de retornar a un estilo, sino de volver al principio de Su Palabra\u00bb, explica.<\/p><p align=\"justify\">En su totalidad, estas piezas valiosas y s\u00f3lidas llevan la firma de creativos que han dejado una huella significativa en la m\u00fasica cristiana. Juan Carlos Alvarado se une a talentos como\u00a0Edgar Aguilar\u00a0de Elevation Espa\u00f1ol,\u00a0Antonio Pastor,\u00a0Ariel Garc\u00eda\u00a0y\u00a0Keith Moore, conformando un equipo de compositores cuya experiencia da fuerza y autenticidad a la colecci\u00f3n.<\/p><p align=\"justify\">\u00abMi Alma Tiene Sed\u00bb\u00a0se presenta como el lema de la producci\u00f3n, inspirado en el Salmo 42.\u00a0\u00abEsta canci\u00f3n desborda un clamor constante de estar en la presencia de Dios, y ser saciados con el agua de vida que solo Jesucristo nos puede dar. Hoy m\u00e1s que nunca, necesitamos m\u00e1s de \u00c9l\u00bb, agrega el autor de cantos como \u00abJehov\u00e1 Es Mi Guerrero\u00bb, \u00abEl Borde de Su Manto\u00bb y \u00abNo Basta\u00bb.<\/p><p align=\"justify\">Para el guatemalteco, el hilo conductor de la obra es crear una dependencia y comuni\u00f3n genuina con el Esp\u00edritu Santo, confiando en los prop\u00f3sitos de Dios y peleando la buena batalla de la fe.<\/p><p align=\"justify\">Por consiguiente, cada track est\u00e1 cuidadosamente impregnado de pasajes b\u00edblicos, entregando una propuesta que integra calidad y contenido profundamente espiritual. El \u00e1lbum presenta un sonido fresco y lleno de musicalidad, sin perder su car\u00e1cter eclesial. Para la grabaci\u00f3n, cont\u00f3 con el acompa\u00f1amiento y contribuci\u00f3n de su banda oficial en el estudio, as\u00ed como con la participaci\u00f3n de m\u00fasicos invitados. Entre ellos,\u00a0Ed Calle\u00a0en el Saxof\u00f3n y\u00a0Miguel Angel Villagran (Malin)\u00a0en las guitarras ac\u00fasticas.<\/p><p align=\"justify\">Con una trayectoria que ha definido los est\u00e1ndares del g\u00e9nero congregacional desde sus inicios, el l\u00edder de adoraci\u00f3n contin\u00faa innovando e invita a su vasta comunidad de oyentes a acercarse a su verdadera esencia, proveniente de un caminar con Dios.<\/p><p align=\"justify\">TRACKLIST:<\/p><ol><li>El Shaddai Mi Capit\u00e1n (Medley)<\/li><li>Mi Alma Tiene Sed<\/li><li>Mi Deseo<\/li><li>\u00a0A La Presencia (Medley)<\/li><li>Tu Vara y tu Cayado (Salmo 23:4)<\/li><li>Est\u00e1s En Mi Barca (Juan 6:68)<\/li><li>Para Danzar (Medley)<\/li><li>Santo (Apocalipsis 4:8)<\/li><\/ol><p><iframe title=\"El Shaddai Mi Capita\u0301n (Medley)\" width=\"640\" height=\"480\" src=\"https:\/\/www.youtube.com\/embed\/xWDnJzxCuAI?list=OLAK5uy_nm-t0aUrfsXdh2vDkemUl8f0E91ULFdC0\" frameborder=\"0\" allow=\"accelerometer; autoplay; clipboard-write; encrypted-media; gyroscope; picture-in-picture; web-share\" referrerpolicy=\"strict-origin-when-cross-origin\" allowfullscreen><\/iframe><\/p>\t\t\t\t\t\t<\/div>\n\t\t\t\t<\/div>\n\t\t\t\t\t<\/div>\n\t\t\t\t<\/div>\n\t\t\t\t<\/div>\n\t\t","protected":false},"excerpt":{"rendered":"<p>Uno de los pioneros y referentes indiscutibles de la alabanza y adoraci\u00f3n en espa\u00f1ol,\u00a0Juan Carlos Alvarado, presenta\u00a0Esencia,\u00a0un proyecto que marca su regreso discogr\u00e1fico, quince a\u00f1os despu\u00e9s de su \u00faltimo lanzamiento. Producido por el ganador del Latin GRAMMY\u00ae, Ariel Garc\u00eda, el \u00e1lbum ofrece 14 temas divididos en 3 medleys y 5 baladas que recogen la profundidad [&hellip;]<\/p>\n","protected":false},"author":1,"featured_media":5996,"comment_status":"open","ping_status":"open","sticky":false,"template":"","format":"standard","meta":{"_monsterinsights_skip_tracking":false,"_monsterinsights_sitenote_active":false,"_monsterinsights_sitenote_note":"","_monsterinsights_sitenote_category":0,"footnotes":""},"categories":[1],"tags":[],"aioseo_notices":[],"_links":{"self":[{"href":"https:\/\/desafiomedios.com\/index.php?rest_route=\/wp\/v2\/posts\/5994"}],"collection":[{"href":"https:\/\/desafiomedios.com\/index.php?rest_route=\/wp\/v2\/posts"}],"about":[{"href":"https:\/\/desafiomedios.com\/index.php?rest_route=\/wp\/v2\/types\/post"}],"author":[{"embeddable":true,"href":"https:\/\/desafiomedios.com\/index.php?rest_route=\/wp\/v2\/users\/1"}],"replies":[{"embeddable":true,"href":"https:\/\/desafiomedios.com\/index.php?rest_route=%2Fwp%2Fv2%2Fcomments&post=5994"}],"version-history":[{"count":4,"href":"https:\/\/desafiomedios.com\/index.php?rest_route=\/wp\/v2\/posts\/5994\/revisions"}],"predecessor-version":[{"id":5999,"href":"https:\/\/desafiomedios.com\/index.php?rest_route=\/wp\/v2\/posts\/5994\/revisions\/5999"}],"wp:featuredmedia":[{"embeddable":true,"href":"https:\/\/desafiomedios.com\/index.php?rest_route=\/wp\/v2\/media\/5996"}],"wp:attachment":[{"href":"https:\/\/desafiomedios.com\/index.php?rest_route=%2Fwp%2Fv2%2Fmedia&parent=5994"}],"wp:term":[{"taxonomy":"category","embeddable":true,"href":"https:\/\/desafiomedios.com\/index.php?rest_route=%2Fwp%2Fv2%2Fcategories&post=5994"},{"taxonomy":"post_tag","embeddable":true,"href":"https:\/\/desafiomedios.com\/index.php?rest_route=%2Fwp%2Fv2%2Ftags&post=5994"}],"curies":[{"name":"wp","href":"https:\/\/api.w.org\/{rel}","templated":true}]}}