{"id":6000,"date":"2025-06-03T23:01:03","date_gmt":"2025-06-03T21:01:03","guid":{"rendered":"https:\/\/desafiomedios.com\/?p=6000"},"modified":"2025-06-03T23:02:49","modified_gmt":"2025-06-03T21:02:49","slug":"andres-arciniegas-un-momentito","status":"publish","type":"post","link":"https:\/\/desafiomedios.com\/?p=6000","title":{"rendered":"Andres Arciniegas &#8220;UN MOMENTITO&#8221;"},"content":{"rendered":"\t\t<div data-elementor-type=\"wp-post\" data-elementor-id=\"6000\" class=\"elementor elementor-6000\">\n\t\t\t\t<div class=\"elementor-element elementor-element-73b931e e-flex e-con-boxed e-con e-parent\" data-id=\"73b931e\" data-element_type=\"container\" data-settings=\"{&quot;content_width&quot;:&quot;boxed&quot;}\" data-core-v316-plus=\"true\">\n\t\t\t\t\t<div class=\"e-con-inner\">\n\t\t\t\t<div class=\"elementor-element elementor-element-b6c291f elementor-widget elementor-widget-text-editor\" data-id=\"b6c291f\" data-element_type=\"widget\" data-widget_type=\"text-editor.default\">\n\t\t\t\t<div class=\"elementor-widget-container\">\n\t\t\t<style>\/*! elementor - v3.19.0 - 29-01-2024 *\/\n.elementor-widget-text-editor.elementor-drop-cap-view-stacked .elementor-drop-cap{background-color:#69727d;color:#fff}.elementor-widget-text-editor.elementor-drop-cap-view-framed .elementor-drop-cap{color:#69727d;border:3px solid;background-color:transparent}.elementor-widget-text-editor:not(.elementor-drop-cap-view-default) .elementor-drop-cap{margin-top:8px}.elementor-widget-text-editor:not(.elementor-drop-cap-view-default) .elementor-drop-cap-letter{width:1em;height:1em}.elementor-widget-text-editor .elementor-drop-cap{float:left;text-align:center;line-height:1;font-size:50px}.elementor-widget-text-editor .elementor-drop-cap-letter{display:inline-block}<\/style>\t\t\t\t<p>&#8220;UN MOMENTITO&#8221;, canci\u00f3n que nace en el a\u00f1o 2014 , inspirada en la experiencia del ap\u00f3stol Pablo , quien logro estar por unos instantes en la presencia de Dios y conocer cosas indescriptibles sobre \u00c9l, hoy por medio de esta canci\u00f3n su autor e interprete busca que las personas que la escuchen canten y digan con ternura y alegr\u00eda al Creador, &#8220;&#8230;d\u00e9jame subir all\u00ed un Momentito en tu presencia&#8230;\u201d.<br \/>Andr\u00e9s Arciniegas, es cantautor de m\u00fasica a nivel cristiano y predicador desde sus 15 a\u00f1os, naci\u00f3 en Bogot\u00e1-Colombia, en la actualidad cuenta con tres producciones discogr\u00e1ficas y m\u00faltiples video clip`s que se han venido promocionando en los \u00faltimos a\u00f1os. 2013: Lanz\u00f3 su primer disco llamado &#8220;Volver a Nacer EP&#8221;, teniendo como primer lugar en varias emisoras de la capital colombiana la canci\u00f3n titulada &#8220;As\u00ed eras t\u00fa&#8221;. 2015: Expuso su segunda producci\u00f3n musical, titulada &#8220;Volver a Nacer&#8221; donde inclu\u00eda el sencillo &#8220;Acerc\u00e1ndome al fin\u201c, quedando como #1 en distintas emisoras de m\u00fasica a nivel cristiana. 2018: Lanzo el sencillo \u201cTu Mi Alivio\u201d con la participaci\u00f3n de los integrantes de la banda de Alex Campos d\u00e1ndole un giro a su carrera musical con nuevos sonidos folcl\u00f3ricos, incluyendo en sus temas un instrumento tan representativo como el acorde\u00f3n. 2019: Tuvo el privilegio de ser el compositor e interprete de la canci\u00f3n &#8220;Unidos por la cruz&#8221;, versi\u00f3n ac\u00fastica, tema oficial del &#8220;D\u00eda Nacional del Arrepentimiento&#8221; donde se canto en todo el territorio colombiano y 7 pa\u00edses m\u00e1s. TOUR Andr\u00e9s Arciniegas ha estado recorriendo gran parte del territorio Mexicano, Europa y Estados Unidos promocionando su 3ra producci\u00f3n musical \u201cTu Reflejo\u201d, y lanzando m\u00faltiples Video Clips, entre ellos: Un Momentito, Tu Reflejo, A Los Brazos De Pap\u00e1, Como Tu Ves, Vuelvo A Ver, Inagotable, entre otros, grabados en diferentes Ciudades de M\u00e9xico y Bogot\u00e1 &#8211; Colombia.<\/p><p><iframe title=\"Un Momentito - Andr\u00e9s Arciniegas (V\u00eddeo Oficial)\" width=\"640\" height=\"360\" src=\"https:\/\/www.youtube.com\/embed\/t88d5TeP1Uk?feature=oembed\" frameborder=\"0\" allow=\"accelerometer; autoplay; clipboard-write; encrypted-media; gyroscope; picture-in-picture; web-share\" referrerpolicy=\"strict-origin-when-cross-origin\" allowfullscreen><\/iframe><\/p><p>\u00a0<\/p>\t\t\t\t\t\t<\/div>\n\t\t\t\t<\/div>\n\t\t\t\t\t<\/div>\n\t\t\t\t<\/div>\n\t\t\t\t<\/div>\n\t\t","protected":false},"excerpt":{"rendered":"<p>&#8220;UN MOMENTITO&#8221;, canci\u00f3n que nace en el a\u00f1o 2014 , inspirada en la experiencia del ap\u00f3stol Pablo , quien logro estar por unos instantes en la presencia de Dios y conocer cosas indescriptibles sobre \u00c9l, hoy por medio de esta canci\u00f3n su autor e interprete busca que las personas que la escuchen canten y digan [&hellip;]<\/p>\n","protected":false},"author":1,"featured_media":6003,"comment_status":"open","ping_status":"open","sticky":false,"template":"","format":"standard","meta":{"_monsterinsights_skip_tracking":false,"_monsterinsights_sitenote_active":false,"_monsterinsights_sitenote_note":"","_monsterinsights_sitenote_category":0,"footnotes":""},"categories":[1],"tags":[],"aioseo_notices":[],"_links":{"self":[{"href":"https:\/\/desafiomedios.com\/index.php?rest_route=\/wp\/v2\/posts\/6000"}],"collection":[{"href":"https:\/\/desafiomedios.com\/index.php?rest_route=\/wp\/v2\/posts"}],"about":[{"href":"https:\/\/desafiomedios.com\/index.php?rest_route=\/wp\/v2\/types\/post"}],"author":[{"embeddable":true,"href":"https:\/\/desafiomedios.com\/index.php?rest_route=\/wp\/v2\/users\/1"}],"replies":[{"embeddable":true,"href":"https:\/\/desafiomedios.com\/index.php?rest_route=%2Fwp%2Fv2%2Fcomments&post=6000"}],"version-history":[{"count":4,"href":"https:\/\/desafiomedios.com\/index.php?rest_route=\/wp\/v2\/posts\/6000\/revisions"}],"predecessor-version":[{"id":6006,"href":"https:\/\/desafiomedios.com\/index.php?rest_route=\/wp\/v2\/posts\/6000\/revisions\/6006"}],"wp:featuredmedia":[{"embeddable":true,"href":"https:\/\/desafiomedios.com\/index.php?rest_route=\/wp\/v2\/media\/6003"}],"wp:attachment":[{"href":"https:\/\/desafiomedios.com\/index.php?rest_route=%2Fwp%2Fv2%2Fmedia&parent=6000"}],"wp:term":[{"taxonomy":"category","embeddable":true,"href":"https:\/\/desafiomedios.com\/index.php?rest_route=%2Fwp%2Fv2%2Fcategories&post=6000"},{"taxonomy":"post_tag","embeddable":true,"href":"https:\/\/desafiomedios.com\/index.php?rest_route=%2Fwp%2Fv2%2Ftags&post=6000"}],"curies":[{"name":"wp","href":"https:\/\/api.w.org\/{rel}","templated":true}]}}