{"id":6023,"date":"2025-06-06T18:47:51","date_gmt":"2025-06-06T16:47:51","guid":{"rendered":"https:\/\/desafiomedios.com\/?p=6023"},"modified":"2025-06-06T18:53:43","modified_gmt":"2025-06-06T16:53:43","slug":"la-reforma-desata-el-power-una-cumbia-con-fuego-del-cielo-y-corazon-latinoamericano","status":"publish","type":"post","link":"https:\/\/desafiomedios.com\/?p=6023","title":{"rendered":"LA REFORMA DESATA &#8216;EL POWER&#8217; &#8211; UNA CUMBIA CON FUEGO DEL CIELO Y CORAZ\u00d3N LATINOAMERICANO"},"content":{"rendered":"\t\t<div data-elementor-type=\"wp-post\" data-elementor-id=\"6023\" class=\"elementor elementor-6023\">\n\t\t\t\t<div class=\"elementor-element elementor-element-a1a2b42 e-flex e-con-boxed e-con e-parent\" data-id=\"a1a2b42\" data-element_type=\"container\" data-settings=\"{&quot;content_width&quot;:&quot;boxed&quot;}\" data-core-v316-plus=\"true\">\n\t\t\t\t\t<div class=\"e-con-inner\">\n\t\t\t\t<div class=\"elementor-element elementor-element-dbf0974 elementor-widget elementor-widget-text-editor\" data-id=\"dbf0974\" data-element_type=\"widget\" data-widget_type=\"text-editor.default\">\n\t\t\t\t<div class=\"elementor-widget-container\">\n\t\t\t<style>\/*! elementor - v3.19.0 - 29-01-2024 *\/\n.elementor-widget-text-editor.elementor-drop-cap-view-stacked .elementor-drop-cap{background-color:#69727d;color:#fff}.elementor-widget-text-editor.elementor-drop-cap-view-framed .elementor-drop-cap{color:#69727d;border:3px solid;background-color:transparent}.elementor-widget-text-editor:not(.elementor-drop-cap-view-default) .elementor-drop-cap{margin-top:8px}.elementor-widget-text-editor:not(.elementor-drop-cap-view-default) .elementor-drop-cap-letter{width:1em;height:1em}.elementor-widget-text-editor .elementor-drop-cap{float:left;text-align:center;line-height:1;font-size:50px}.elementor-widget-text-editor .elementor-drop-cap-letter{display:inline-block}<\/style>\t\t\t\t<p>La banda colombiana lanza una canci\u00f3n que fusiona el folclor del acorde\u00f3n con beats explosivos, proclamando fe, identidad y resistencia en tiempos de oscuridad. Producida por Sergio Lacouture y con videoclip dirigido por David Jassir y Parabola Films.<\/p><p>La Reforma, la banda que est\u00e1 marcando un nuevo rumbo en la m\u00fasica con mensaje desde Latinoam\u00e9rica, lanza su nuevo sencillo \u201cEl Power\u201d, una cumbia urbana cargada de fuego, prop\u00f3sito y un llamado prof\u00e9tico a despertar. Producida por Sergio Lacouture, esta canci\u00f3n es m\u00e1s que m\u00fasica: es una palabra cantada, una revoluci\u00f3n de fe y una exaltaci\u00f3n del poder que viene de Dios. \u201cPero recibir\u00e1n poder cuando haya venido sobre ustedes el Esp\u00edritu Santo, y ser\u00e1n mis testigos\u2026\u201d (Hechos 1:8) \u201cEl Power\u201d nace en el Caribe colombiano pero su eco es continental. Su mezcla del cl\u00e1sico acorde\u00f3n con beats modernos da vida a una cumbia brutal, que conecta generaciones, levanta al ca\u00eddo y declara que en Cristo hay fuerza para resistir cualquier tormenta. La Reforma afirma: \u201cEsto no es solo un ritmo, es el latido de un pueblo que no se rinde, que trabaja con fe, que ora y avanza. Es el grito de quienes llevan la Biblia y el folclor en la sangre. Es el fuego del Esp\u00edritu en versi\u00f3n cumbia.\u201d<\/p><p>LATINOAM\u00c9RICA SE LEVANTA: UNA CANCI\u00d3N QUE NO SE AVERG\u00dcENZA DEL EVANGELIO<\/p><p>Desde sus primeras l\u00edneas, \u201cEl Power\u201d proclama una verdad poderosa: \u201cEl camino es duro, pero llevo mi bandera \/ En la mochila los consejos de mi abuela.\u201d Un verso que refleja la resistencia espiritual heredada de generaciones que han orado de rodillas por un cambio. Y contin\u00faa con una declaraci\u00f3n sin etiquetas religiosas, pero con esencia cristiana: \u201cLa merca que traigo no es religi\u00f3n \/ Pa\u2019 to\u2019 el que quiera sentir el sabor \/ Del pueblo latino, lleg\u00f3 mi folclor.\u201d \u201cPorque no me averg\u00fcenzo del evangelio, pues es poder de Dios para la salvaci\u00f3n de todos\u2026\u201d (Romanos 1:16)<\/p><p>UN VIDEOCLIP QUE HABLA EN LENGUA DEL PUEBLO Dirigido por el cineasta David Jassir junto a Parabola Films, el videoclip fue grabado en las calles de Bogot\u00e1, representando con simbolog\u00eda urbana la lucha diaria, la espiritualidad real y el llamado a despertar la identidad dormida. Cada toma honra la mezcla de culturas que conforman el alma latina, pero lo hace con un mensaje alto y claro: el verdadero poder no se compra, se recibe desde el cielo.<\/p><p>M\u00e1s que una banda, La Reforma es un movimiento prof\u00e9tico. Cada canci\u00f3n convoca a una generaci\u00f3n a volver su mirada a Dios sin religiosidad, con un lenguaje actual pero lleno de verdad eterna. Su estilo callejero, rebelde y espiritual est\u00e1 marcando a miles de j\u00f3venes en Hispanoam\u00e9rica con un mensaje fresco y contundente. \u201cPues Dios no nos ha dado un esp\u00edritu de cobard\u00eda, sino de poder, amor y dominio propio.\u201d (2 Timoteo 1:7) \u201cEl Power\u201d no solo se escucha, se vive. Es una danza con prop\u00f3sito, una alabanza en movimiento, una declaraci\u00f3n de que la fe no est\u00e1 en crisis\u2026 est\u00e1 en revoluci\u00f3n. Ya disponible en todas las plataformas digitales. \u00a1Siente el ritmo, activa tu fe, despierta con El Power! Sigue a La Reforma en redes sociales: @LaReformamusic Spotify | YouTube | TikTok<\/p>\t\t\t\t\t\t<\/div>\n\t\t\t\t<\/div>\n\t\t\t\t\t<\/div>\n\t\t\t\t<\/div>\n\t\t<div class=\"elementor-element elementor-element-6567183 e-flex e-con-boxed e-con e-parent\" data-id=\"6567183\" data-element_type=\"container\" data-settings=\"{&quot;content_width&quot;:&quot;boxed&quot;}\" data-core-v316-plus=\"true\">\n\t\t\t\t\t<div class=\"e-con-inner\">\n\t\t<div class=\"elementor-element elementor-element-39252f0 e-con-full e-flex e-con e-child\" data-id=\"39252f0\" data-element_type=\"container\" data-settings=\"{&quot;content_width&quot;:&quot;full&quot;}\">\n\t\t\t\t<div class=\"elementor-element elementor-element-105384e elementor-widget elementor-widget-image\" data-id=\"105384e\" data-element_type=\"widget\" data-widget_type=\"image.default\">\n\t\t\t\t<div class=\"elementor-widget-container\">\n\t\t\t<style>\/*! elementor - v3.19.0 - 29-01-2024 *\/\n.elementor-widget-image{text-align:center}.elementor-widget-image a{display:inline-block}.elementor-widget-image a img[src$=\".svg\"]{width:48px}.elementor-widget-image img{vertical-align:middle;display:inline-block}<\/style>\t\t\t\t\t\t\t\t\t\t<img fetchpriority=\"high\" decoding=\"async\" width=\"386\" height=\"258\" src=\"https:\/\/desafiomedios.com\/wp-content\/uploads\/2025\/06\/Captura-de-pantalla-2025-06-06-a-las-11.50.42-a.-m.png\" class=\"attachment-large size-large wp-image-6025\" alt=\"\" srcset=\"https:\/\/desafiomedios.com\/wp-content\/uploads\/2025\/06\/Captura-de-pantalla-2025-06-06-a-las-11.50.42-a.-m.png 386w, https:\/\/desafiomedios.com\/wp-content\/uploads\/2025\/06\/Captura-de-pantalla-2025-06-06-a-las-11.50.42-a.-m-300x201.png 300w\" sizes=\"(max-width: 386px) 100vw, 386px\" \/>\t\t\t\t\t\t\t\t\t\t\t\t\t<\/div>\n\t\t\t\t<\/div>\n\t\t\t\t<\/div>\n\t\t<div class=\"elementor-element elementor-element-58ae420 e-con-full e-flex e-con e-child\" data-id=\"58ae420\" data-element_type=\"container\" data-settings=\"{&quot;content_width&quot;:&quot;full&quot;}\">\n\t\t\t\t<div class=\"elementor-element elementor-element-82bb27b elementor-widget elementor-widget-image\" data-id=\"82bb27b\" data-element_type=\"widget\" data-widget_type=\"image.default\">\n\t\t\t\t<div class=\"elementor-widget-container\">\n\t\t\t\t\t\t\t\t\t\t\t\t\t<img decoding=\"async\" width=\"640\" height=\"364\" src=\"https:\/\/desafiomedios.com\/wp-content\/uploads\/2025\/06\/Captura-de-pantalla-2025-06-06-a-las-11.50.57-a.-m.png\" class=\"attachment-large size-large wp-image-6026\" alt=\"\" srcset=\"https:\/\/desafiomedios.com\/wp-content\/uploads\/2025\/06\/Captura-de-pantalla-2025-06-06-a-las-11.50.57-a.-m.png 805w, https:\/\/desafiomedios.com\/wp-content\/uploads\/2025\/06\/Captura-de-pantalla-2025-06-06-a-las-11.50.57-a.-m-300x171.png 300w, https:\/\/desafiomedios.com\/wp-content\/uploads\/2025\/06\/Captura-de-pantalla-2025-06-06-a-las-11.50.57-a.-m-768x437.png 768w\" sizes=\"(max-width: 640px) 100vw, 640px\" \/>\t\t\t\t\t\t\t\t\t\t\t\t\t<\/div>\n\t\t\t\t<\/div>\n\t\t\t\t<\/div>\n\t\t\t\t\t<\/div>\n\t\t\t\t<\/div>\n\t\t<div class=\"elementor-element elementor-element-dd52e3a e-flex e-con-boxed e-con e-parent\" data-id=\"dd52e3a\" data-element_type=\"container\" data-settings=\"{&quot;content_width&quot;:&quot;boxed&quot;}\" data-core-v316-plus=\"true\">\n\t\t\t\t\t<div class=\"e-con-inner\">\n\t\t\t\t<div class=\"elementor-element elementor-element-c3a5610 elementor-widget elementor-widget-text-editor\" data-id=\"c3a5610\" data-element_type=\"widget\" data-widget_type=\"text-editor.default\">\n\t\t\t\t<div class=\"elementor-widget-container\">\n\t\t\t\t\t\t\t<p><iframe title=\"La Reforma - El Power  (Official Video)\" width=\"640\" height=\"360\" src=\"https:\/\/www.youtube.com\/embed\/72SJZQy8z1M?feature=oembed\" frameborder=\"0\" allow=\"accelerometer; autoplay; clipboard-write; encrypted-media; gyroscope; picture-in-picture; web-share\" referrerpolicy=\"strict-origin-when-cross-origin\" allowfullscreen><\/iframe><\/p>\t\t\t\t\t\t<\/div>\n\t\t\t\t<\/div>\n\t\t\t\t\t<\/div>\n\t\t\t\t<\/div>\n\t\t\t\t<\/div>\n\t\t","protected":false},"excerpt":{"rendered":"<p>La banda colombiana lanza una canci\u00f3n que fusiona el folclor del acorde\u00f3n con beats explosivos, proclamando fe, identidad y resistencia en tiempos de oscuridad. Producida por Sergio Lacouture y con videoclip dirigido por David Jassir y Parabola Films. La Reforma, la banda que est\u00e1 marcando un nuevo rumbo en la m\u00fasica con mensaje desde Latinoam\u00e9rica, [&hellip;]<\/p>\n","protected":false},"author":1,"featured_media":6027,"comment_status":"open","ping_status":"open","sticky":false,"template":"","format":"standard","meta":{"_monsterinsights_skip_tracking":false,"_monsterinsights_sitenote_active":false,"_monsterinsights_sitenote_note":"","_monsterinsights_sitenote_category":0,"footnotes":""},"categories":[1],"tags":[],"aioseo_notices":[],"_links":{"self":[{"href":"https:\/\/desafiomedios.com\/index.php?rest_route=\/wp\/v2\/posts\/6023"}],"collection":[{"href":"https:\/\/desafiomedios.com\/index.php?rest_route=\/wp\/v2\/posts"}],"about":[{"href":"https:\/\/desafiomedios.com\/index.php?rest_route=\/wp\/v2\/types\/post"}],"author":[{"embeddable":true,"href":"https:\/\/desafiomedios.com\/index.php?rest_route=\/wp\/v2\/users\/1"}],"replies":[{"embeddable":true,"href":"https:\/\/desafiomedios.com\/index.php?rest_route=%2Fwp%2Fv2%2Fcomments&post=6023"}],"version-history":[{"count":4,"href":"https:\/\/desafiomedios.com\/index.php?rest_route=\/wp\/v2\/posts\/6023\/revisions"}],"predecessor-version":[{"id":6030,"href":"https:\/\/desafiomedios.com\/index.php?rest_route=\/wp\/v2\/posts\/6023\/revisions\/6030"}],"wp:featuredmedia":[{"embeddable":true,"href":"https:\/\/desafiomedios.com\/index.php?rest_route=\/wp\/v2\/media\/6027"}],"wp:attachment":[{"href":"https:\/\/desafiomedios.com\/index.php?rest_route=%2Fwp%2Fv2%2Fmedia&parent=6023"}],"wp:term":[{"taxonomy":"category","embeddable":true,"href":"https:\/\/desafiomedios.com\/index.php?rest_route=%2Fwp%2Fv2%2Fcategories&post=6023"},{"taxonomy":"post_tag","embeddable":true,"href":"https:\/\/desafiomedios.com\/index.php?rest_route=%2Fwp%2Fv2%2Ftags&post=6023"}],"curies":[{"name":"wp","href":"https:\/\/api.w.org\/{rel}","templated":true}]}}