{"id":6041,"date":"2025-06-09T17:30:39","date_gmt":"2025-06-09T15:30:39","guid":{"rendered":"https:\/\/desafiomedios.com\/?p=6041"},"modified":"2025-06-09T17:31:51","modified_gmt":"2025-06-09T15:31:51","slug":"boletin-informativo","status":"publish","type":"post","link":"https:\/\/desafiomedios.com\/?p=6041","title":{"rendered":"BOLETIN INFORMATIVO"},"content":{"rendered":"\t\t<div data-elementor-type=\"wp-post\" data-elementor-id=\"6041\" class=\"elementor elementor-6041\">\n\t\t\t\t<div class=\"elementor-element elementor-element-dc9898e e-flex e-con-boxed e-con e-parent\" data-id=\"dc9898e\" data-element_type=\"container\" data-settings=\"{&quot;content_width&quot;:&quot;boxed&quot;}\" data-core-v316-plus=\"true\">\n\t\t\t\t\t<div class=\"e-con-inner\">\n\t\t\t\t<div class=\"elementor-element elementor-element-a3c902a elementor-widget elementor-widget-text-editor\" data-id=\"a3c902a\" data-element_type=\"widget\" data-widget_type=\"text-editor.default\">\n\t\t\t\t<div class=\"elementor-widget-container\">\n\t\t\t<style>\/*! elementor - v3.19.0 - 29-01-2024 *\/\n.elementor-widget-text-editor.elementor-drop-cap-view-stacked .elementor-drop-cap{background-color:#69727d;color:#fff}.elementor-widget-text-editor.elementor-drop-cap-view-framed .elementor-drop-cap{color:#69727d;border:3px solid;background-color:transparent}.elementor-widget-text-editor:not(.elementor-drop-cap-view-default) .elementor-drop-cap{margin-top:8px}.elementor-widget-text-editor:not(.elementor-drop-cap-view-default) .elementor-drop-cap-letter{width:1em;height:1em}.elementor-widget-text-editor .elementor-drop-cap{float:left;text-align:center;line-height:1;font-size:50px}.elementor-widget-text-editor .elementor-drop-cap-letter{display:inline-block}<\/style>\t\t\t\t<p>El pasado lunes 03 de junio se realiz\u00f3 una reuni\u00f3n preparatoria para organizar la celebraci\u00f3n del d\u00eda Nacional de la Libertad Religiosa en el territorio de la Localidad de Suba.\u00a0<\/p><p>En Colombia mediante el Decreto 1079 de 2016 se declara el 4 de julio de cada a\u00f1o, como el D\u00eda Nacional de la libertad religiosa y de culto en el pa\u00eds. La Libertad Religiosa es un Derecho Humano fundamental que est\u00e1 protegido por la Declaraci\u00f3n Universal de Derechos Humanos. Este derecho implica la capacidad de elegir, practicar, cambiar y ense\u00f1ar la religi\u00f3n de nuestra elecci\u00f3n. La libertad religiosa tambi\u00e9n implica la ausencia de discriminaci\u00f3n y persecuci\u00f3n basadas en la religi\u00f3n. Es importante tener en cuenta que la libertad religiosa no solo se aplica a los individuos que practican una religi\u00f3n, sino tambi\u00e9n a aquellos que optan por no practicar ninguna religi\u00f3n en absoluto.\u00a0<\/p><p>Se recibieron varias sugerencias durante el tiempo de lluvias de ideas programado para este fin:\u00a0<\/p><p>1. Aprovechar todo el mes de Julio para motivar, que las diferentes confesiones religiosas resalten al interior de sus iglesias, congregaciones, parroquias, mezquitas y dem\u00e1s lugares de culto la importancia de la Libertad Religiosa dentro de un Estado Social y de Derecho.\u00a0<br \/><span style=\"color: var( --e-global-color-text ); font-family: var( --e-global-typography-text-font-family ), Sans-serif; font-weight: var( --e-global-typography-text-font-weight ); text-align: var(--text-align);\">2. Dar plena libertad y motivar a que las diferentes expresiones de Fe realicen actos p\u00fablicos o privados que resalten la importancia de esta conmemoraci\u00f3n.\u00a0<br \/><\/span><span style=\"color: var( --e-global-color-text ); font-family: var( --e-global-typography-text-font-family ), Sans-serif; font-weight: var( --e-global-typography-text-font-weight ); text-align: var(--text-align);\">3. Realizar una Reuni\u00f3n (7-7-7), de car\u00e1cter interreligioso el 7 de julio a las 7:00 a.m. para tener un tiempo de Oraci\u00f3n y reflexi\u00f3n por las 7 esferas de influencia de las religiones en la sociedad. <br \/>4. Organizar un foro Acad\u00e9mico sobre el \u201cAporte Social de las Comunidades de Fe en la Construcci\u00f3n del bien Com\u00fan dentro de la Localidad de Suba\u201d. <br \/>5. Promover Un Encuentro interreligioso en la Plaza Fundacional de Suba, para salir tipo marcha o caminata hacia la plazoleta del portal de Suba para tener en ese lugar un espacio para exposici\u00f3n de una muestra cultural, art\u00edstica, danzas, coros y reflexiones sobre la importancia y actualidad de los 10 Mandamientos. No se establecieron fechas, pero si se conformaron varios sub comit\u00e9s para iniciar las coordinaciones del caso.<\/span><\/p><p>Se program\u00f3 una segunda reuni\u00f3n para el pr\u00f3ximo mi\u00e9rcoles 11 de junio a las 8:30 a.m. en la Pileta de la Casa de la Participaci\u00f3n frente a la alcald\u00eda Local de Suba, para dar continuidad a este tema y consolidar fechas y acciones concretas. <br \/>Esperamos la asistencia de todos los Ministros y Ministerios. Gracias. <br \/>Mayores informes v\u00eda WhatsApp 3102286256<\/p>\t\t\t\t\t\t<\/div>\n\t\t\t\t<\/div>\n\t\t\t\t\t<\/div>\n\t\t\t\t<\/div>\n\t\t\t\t<\/div>\n\t\t","protected":false},"excerpt":{"rendered":"<p>El pasado lunes 03 de junio se realiz\u00f3 una reuni\u00f3n preparatoria para organizar la celebraci\u00f3n del d\u00eda Nacional de la Libertad Religiosa en el territorio de la Localidad de Suba.\u00a0 En Colombia mediante el Decreto 1079 de 2016 se declara el 4 de julio de cada a\u00f1o, como el D\u00eda Nacional de la libertad religiosa [&hellip;]<\/p>\n","protected":false},"author":1,"featured_media":6043,"comment_status":"open","ping_status":"open","sticky":false,"template":"","format":"standard","meta":{"_monsterinsights_skip_tracking":false,"_monsterinsights_sitenote_active":false,"_monsterinsights_sitenote_note":"","_monsterinsights_sitenote_category":0,"footnotes":""},"categories":[1],"tags":[],"aioseo_notices":[],"_links":{"self":[{"href":"https:\/\/desafiomedios.com\/index.php?rest_route=\/wp\/v2\/posts\/6041"}],"collection":[{"href":"https:\/\/desafiomedios.com\/index.php?rest_route=\/wp\/v2\/posts"}],"about":[{"href":"https:\/\/desafiomedios.com\/index.php?rest_route=\/wp\/v2\/types\/post"}],"author":[{"embeddable":true,"href":"https:\/\/desafiomedios.com\/index.php?rest_route=\/wp\/v2\/users\/1"}],"replies":[{"embeddable":true,"href":"https:\/\/desafiomedios.com\/index.php?rest_route=%2Fwp%2Fv2%2Fcomments&post=6041"}],"version-history":[{"count":4,"href":"https:\/\/desafiomedios.com\/index.php?rest_route=\/wp\/v2\/posts\/6041\/revisions"}],"predecessor-version":[{"id":6046,"href":"https:\/\/desafiomedios.com\/index.php?rest_route=\/wp\/v2\/posts\/6041\/revisions\/6046"}],"wp:featuredmedia":[{"embeddable":true,"href":"https:\/\/desafiomedios.com\/index.php?rest_route=\/wp\/v2\/media\/6043"}],"wp:attachment":[{"href":"https:\/\/desafiomedios.com\/index.php?rest_route=%2Fwp%2Fv2%2Fmedia&parent=6041"}],"wp:term":[{"taxonomy":"category","embeddable":true,"href":"https:\/\/desafiomedios.com\/index.php?rest_route=%2Fwp%2Fv2%2Fcategories&post=6041"},{"taxonomy":"post_tag","embeddable":true,"href":"https:\/\/desafiomedios.com\/index.php?rest_route=%2Fwp%2Fv2%2Ftags&post=6041"}],"curies":[{"name":"wp","href":"https:\/\/api.w.org\/{rel}","templated":true}]}}