{"id":6047,"date":"2025-06-09T17:33:54","date_gmt":"2025-06-09T15:33:54","guid":{"rendered":"https:\/\/desafiomedios.com\/?p=6047"},"modified":"2025-06-09T17:38:37","modified_gmt":"2025-06-09T15:38:37","slug":"daniel-el-killah-presenta-amanece-junto-a-yompy","status":"publish","type":"post","link":"https:\/\/desafiomedios.com\/?p=6047","title":{"rendered":"DANIEL EL KILLAH PRESENTA \u201cAMANECE\u201d JUNTO A YOMPY"},"content":{"rendered":"\t\t<div data-elementor-type=\"wp-post\" data-elementor-id=\"6047\" class=\"elementor elementor-6047\">\n\t\t\t\t<div class=\"elementor-element elementor-element-5eb32cf e-flex e-con-boxed e-con e-parent\" data-id=\"5eb32cf\" data-element_type=\"container\" data-settings=\"{&quot;content_width&quot;:&quot;boxed&quot;}\" data-core-v316-plus=\"true\">\n\t\t\t\t\t<div class=\"e-con-inner\">\n\t\t\t\t<div class=\"elementor-element elementor-element-21fc6e0 elementor-widget elementor-widget-text-editor\" data-id=\"21fc6e0\" data-element_type=\"widget\" data-widget_type=\"text-editor.default\">\n\t\t\t\t<div class=\"elementor-widget-container\">\n\t\t\t<style>\/*! elementor - v3.19.0 - 29-01-2024 *\/\n.elementor-widget-text-editor.elementor-drop-cap-view-stacked .elementor-drop-cap{background-color:#69727d;color:#fff}.elementor-widget-text-editor.elementor-drop-cap-view-framed .elementor-drop-cap{color:#69727d;border:3px solid;background-color:transparent}.elementor-widget-text-editor:not(.elementor-drop-cap-view-default) .elementor-drop-cap{margin-top:8px}.elementor-widget-text-editor:not(.elementor-drop-cap-view-default) .elementor-drop-cap-letter{width:1em;height:1em}.elementor-widget-text-editor .elementor-drop-cap{float:left;text-align:center;line-height:1;font-size:50px}.elementor-widget-text-editor .elementor-drop-cap-letter{display:inline-block}<\/style>\t\t\t\t<p><span style=\"font-weight: 400;\">Daniel el Killah se complace en anunciar el lanzamiento de \u201cAmanece\u201d, una poderosa canci\u00f3n que brota desde el coraz\u00f3n y habla directamente al alma. Inspirada en la promesa eterna de Dios, reflejada en Isa\u00edas 58:8, esta canci\u00f3n es un faro de esperanza para aquellos que buscan consuelo y sanidad.<\/span><\/p><p>\u00a0<\/p><p><span style=\"font-weight: 400;\">\u201cAmanece\u201d es el resultado de una colaboraci\u00f3n especial con Yompy, amigo y hermano del artista, quien se uni\u00f3 a el en esta propuesta musical. Juntos, lograron capturar la esencia de la canci\u00f3n en un viaje, donde se inspiraron en la belleza del paisaje para crear algo verdaderamente especial.<\/span><\/p><p><span style=\"font-weight: 400;\">\u201cEsta canci\u00f3n es una forma de recordar la promesa eterna de Dios y su capacidad para sanar y guiar a sus hijos\u201d, comenta Daniel el Killah. \u201cTrabajar con Yompy fue una experiencia \u00fanica que me permiti\u00f3 explorar nuevos sonidos y profundizar en la fe\u201d<\/span><\/p><p><b>\u201cAmanece\u201d ya esta disponible en todas las plataformas digitales.<\/b><\/p><p><span style=\"font-weight: 400;\">Daniel el Killah es un artista y l\u00edder cristiano Colombiano con un poderoso testimonio de superaci\u00f3n y fe. Nacido en Cali en 1988, Daniel fue rescatado de la calle y las drogas gracias a la m\u00fasica. Tras superar un c\u00e1ncer terminal, Daniel se enfoco en servir a Cristo y lidera la fundaci\u00f3n FUNETHAM en Cali. adem\u00e1s, comparte su testimonio y palabra de Dios en centros de rehabilitaci\u00f3n, c\u00e1rceles y zona marginales.<\/span><\/p><p><b>Su lema es \u201cLo \u00fanico importante es Cristo\u201d, reflejando su compromiso con su fe<\/b><\/p><p><iframe title=\"AMANECE  (Video Oficial)  Daniel el Killah \u274c Yompy\" width=\"640\" height=\"360\" src=\"https:\/\/www.youtube.com\/embed\/nNaU7r4dvWo?feature=oembed\" frameborder=\"0\" allow=\"accelerometer; autoplay; clipboard-write; encrypted-media; gyroscope; picture-in-picture; web-share\" referrerpolicy=\"strict-origin-when-cross-origin\" allowfullscreen><\/iframe><\/p><p>\u00a0<\/p>\t\t\t\t\t\t<\/div>\n\t\t\t\t<\/div>\n\t\t\t\t\t<\/div>\n\t\t\t\t<\/div>\n\t\t\t\t<\/div>\n\t\t","protected":false},"excerpt":{"rendered":"<p>Daniel el Killah se complace en anunciar el lanzamiento de \u201cAmanece\u201d, una poderosa canci\u00f3n que brota desde el coraz\u00f3n y habla directamente al alma. Inspirada en la promesa eterna de Dios, reflejada en Isa\u00edas 58:8, esta canci\u00f3n es un faro de esperanza para aquellos que buscan consuelo y sanidad. \u00a0 \u201cAmanece\u201d es el resultado de [&hellip;]<\/p>\n","protected":false},"author":1,"featured_media":6051,"comment_status":"open","ping_status":"open","sticky":false,"template":"","format":"standard","meta":{"_monsterinsights_skip_tracking":false,"_monsterinsights_sitenote_active":false,"_monsterinsights_sitenote_note":"","_monsterinsights_sitenote_category":0,"footnotes":""},"categories":[1],"tags":[],"aioseo_notices":[],"_links":{"self":[{"href":"https:\/\/desafiomedios.com\/index.php?rest_route=\/wp\/v2\/posts\/6047"}],"collection":[{"href":"https:\/\/desafiomedios.com\/index.php?rest_route=\/wp\/v2\/posts"}],"about":[{"href":"https:\/\/desafiomedios.com\/index.php?rest_route=\/wp\/v2\/types\/post"}],"author":[{"embeddable":true,"href":"https:\/\/desafiomedios.com\/index.php?rest_route=\/wp\/v2\/users\/1"}],"replies":[{"embeddable":true,"href":"https:\/\/desafiomedios.com\/index.php?rest_route=%2Fwp%2Fv2%2Fcomments&post=6047"}],"version-history":[{"count":4,"href":"https:\/\/desafiomedios.com\/index.php?rest_route=\/wp\/v2\/posts\/6047\/revisions"}],"predecessor-version":[{"id":6054,"href":"https:\/\/desafiomedios.com\/index.php?rest_route=\/wp\/v2\/posts\/6047\/revisions\/6054"}],"wp:featuredmedia":[{"embeddable":true,"href":"https:\/\/desafiomedios.com\/index.php?rest_route=\/wp\/v2\/media\/6051"}],"wp:attachment":[{"href":"https:\/\/desafiomedios.com\/index.php?rest_route=%2Fwp%2Fv2%2Fmedia&parent=6047"}],"wp:term":[{"taxonomy":"category","embeddable":true,"href":"https:\/\/desafiomedios.com\/index.php?rest_route=%2Fwp%2Fv2%2Fcategories&post=6047"},{"taxonomy":"post_tag","embeddable":true,"href":"https:\/\/desafiomedios.com\/index.php?rest_route=%2Fwp%2Fv2%2Ftags&post=6047"}],"curies":[{"name":"wp","href":"https:\/\/api.w.org\/{rel}","templated":true}]}}