{"id":6115,"date":"2025-06-11T17:20:05","date_gmt":"2025-06-11T15:20:05","guid":{"rendered":"https:\/\/desafiomedios.com\/?p=6115"},"modified":"2025-06-11T17:20:59","modified_gmt":"2025-06-11T15:20:59","slug":"al-ritmo-del-vallenato-la-colombiana-catherin-falla-afirma-su-fe-en-dios-con-padre","status":"publish","type":"post","link":"https:\/\/desafiomedios.com\/?p=6115","title":{"rendered":"Al ritmo del vallenato la colombiana Catherin Falla afirma su fe en Dios con \u201cPadre\u201d"},"content":{"rendered":"\t\t<div data-elementor-type=\"wp-post\" data-elementor-id=\"6115\" class=\"elementor elementor-6115\">\n\t\t\t\t<div class=\"elementor-element elementor-element-ae85dac e-flex e-con-boxed e-con e-parent\" data-id=\"ae85dac\" data-element_type=\"container\" data-settings=\"{&quot;content_width&quot;:&quot;boxed&quot;}\" data-core-v316-plus=\"true\">\n\t\t\t\t\t<div class=\"e-con-inner\">\n\t\t\t\t<div class=\"elementor-element elementor-element-6501324 elementor-widget elementor-widget-text-editor\" data-id=\"6501324\" data-element_type=\"widget\" data-widget_type=\"text-editor.default\">\n\t\t\t\t<div class=\"elementor-widget-container\">\n\t\t\t<style>\/*! elementor - v3.19.0 - 29-01-2024 *\/\n.elementor-widget-text-editor.elementor-drop-cap-view-stacked .elementor-drop-cap{background-color:#69727d;color:#fff}.elementor-widget-text-editor.elementor-drop-cap-view-framed .elementor-drop-cap{color:#69727d;border:3px solid;background-color:transparent}.elementor-widget-text-editor:not(.elementor-drop-cap-view-default) .elementor-drop-cap{margin-top:8px}.elementor-widget-text-editor:not(.elementor-drop-cap-view-default) .elementor-drop-cap-letter{width:1em;height:1em}.elementor-widget-text-editor .elementor-drop-cap{float:left;text-align:center;line-height:1;font-size:50px}.elementor-widget-text-editor .elementor-drop-cap-letter{display:inline-block}<\/style>\t\t\t\t<p>La cantautora y compositora cristiana colombiana <strong>Catherin Falla<\/strong>, presenta su nuevo sencillo titulado <strong>\u201cPadre\u201d<\/strong>, una fusi\u00f3n alegre con toques de vallenato, cargada de gratitud y adoraci\u00f3n a Dios Padre.\u00a0\u00a0<\/p><p>\u201cPadre\u201d es una expresi\u00f3n musical de reconocimiento al Dios que sostiene, provee, gu\u00eda y ama incondicionalmente. Con letras inspiradas en pasajes b\u00edblicos como Mateo 6:26, Juan 14:13, Lucas 6:36, 1 Corintios 8:6 y Juan 14:6, esta canci\u00f3n nos invita a reflexionar sobre nuestra identidad como hijos e hijas del Padre celestial, y a afirmar nuestra fe en su fidelidad.\u00a0<\/p><p>\u201cSabemos que nuestro Padre es el due\u00f1o de nuestra vida, el que nos ha dado todo, y el que nos seguir\u00e1 dando todo. Esa base fuerte, ese sustento, esa roca firme e inconmovible. Si estamos cimentados sobre la Roca, todo ser\u00e1 perfecto\u201d. Comenta Catherin acerca de su nuevo tema.\u00a0<\/p><p>La canci\u00f3n fue compuesta por\u202fCatherin Falla y el tema fue producido por\u202f <strong>Gabriel Spath<\/strong>. Mientras que la mezcla estuvo a cargo de <strong>Luis Guillermo D\u00edaz y\u00a0Marco Ram\u00edrez<\/strong> en la masterizaci\u00f3n.<\/p><p>Esta producci\u00f3n musical cuenta con un videoclip grabado en Barranquilla, Colombia dirigido por el equipo de <strong>84 REC Intertainment<\/strong>, quienes han logrado plasmar visualmente el mensaje de alegr\u00eda, danzas y al ritmo del vallenato para exaltar a nuestro padre.<\/p><p>Catherin Falla anuncia que el <strong>04 de Julio se estrena el pr\u00f3ximo y \u00faltimo tema titulado \u201cTu Presencia\u201d<\/strong> para el cierre oficial del \u00e1lbum <strong>\u201cSu prop\u00f3sito\u201d<\/strong>, son diez temas disponibles en youtube y en las diferentes plataformas musicales, adem\u00e1s contar\u00e1 con su respectiva rueda de prensa para celebrar de manera oficial del \u00e1lbum.<\/p><p>Catherin Falla, colombiana nacida en la ciudad de Barranquilla, es esposa de Juan Zuleta, madre de dos hijos, y profesional en Administraci\u00f3n de Empresas. Egresada del Instituto CanZion en el programa T\u00e9cnico Ministerial con \u00e9nfasis en t\u00e9cnica vocal, ha sido ministra de alabanza en su iglesia local CBI Villa Country por m\u00e1s de 20 a\u00f1os. Desde hace tres a\u00f1os es conductora del programa \u201cConexi\u00f3n\u201d del Canal 26.2 Teleantenna TV en Las Vegas, Nevada (EE.UU.), e integrante del equipo internacional de la Red de Adoradores.<\/p><p>Apasionada por Dios y su familia, Catherin conoci\u00f3 al Se\u00f1or a los 12 a\u00f1os y ha caminado con \u00c9l desde entonces. Su llamado como adoradora la ha llevado a bendecir vidas a trav\u00e9s de la m\u00fasica, con mensajes de restauraci\u00f3n, edificaci\u00f3n y amor. Actualmente, presenta su \u00e1lbum \u201cSu Prop\u00f3sito\u201d, una producci\u00f3n de 10 canciones que reflejan su coraz\u00f3n ministerial.<\/p><p>El tema <em><strong>PADRE <\/strong><\/em>est\u00e1 disponible en todas las plataformas musicales de distribuci\u00f3n digital y el videoclip lo pueden ver en su canal de YouTube, pueden encontrarla como <strong>CATHERIN FALLA.<\/strong><\/p><p>Instagram @Catherin.Falla<\/p><p><iframe title=\"Padre - Catherin Falla (Video m\u00fasica cristiana 2025)\" width=\"640\" height=\"360\" src=\"https:\/\/www.youtube.com\/embed\/YAh_zXVOkKo?feature=oembed\" frameborder=\"0\" allow=\"accelerometer; autoplay; clipboard-write; encrypted-media; gyroscope; picture-in-picture; web-share\" referrerpolicy=\"strict-origin-when-cross-origin\" allowfullscreen><\/iframe><\/p>\t\t\t\t\t\t<\/div>\n\t\t\t\t<\/div>\n\t\t\t\t\t<\/div>\n\t\t\t\t<\/div>\n\t\t\t\t<\/div>\n\t\t","protected":false},"excerpt":{"rendered":"<p>La cantautora y compositora cristiana colombiana Catherin Falla, presenta su nuevo sencillo titulado \u201cPadre\u201d, una fusi\u00f3n alegre con toques de vallenato, cargada de gratitud y adoraci\u00f3n a Dios Padre.\u00a0\u00a0 \u201cPadre\u201d es una expresi\u00f3n musical de reconocimiento al Dios que sostiene, provee, gu\u00eda y ama incondicionalmente. Con letras inspiradas en pasajes b\u00edblicos como Mateo 6:26, Juan [&hellip;]<\/p>\n","protected":false},"author":1,"featured_media":6117,"comment_status":"open","ping_status":"open","sticky":false,"template":"","format":"standard","meta":{"_monsterinsights_skip_tracking":false,"_monsterinsights_sitenote_active":false,"_monsterinsights_sitenote_note":"","_monsterinsights_sitenote_category":0,"footnotes":""},"categories":[1],"tags":[],"aioseo_notices":[],"_links":{"self":[{"href":"https:\/\/desafiomedios.com\/index.php?rest_route=\/wp\/v2\/posts\/6115"}],"collection":[{"href":"https:\/\/desafiomedios.com\/index.php?rest_route=\/wp\/v2\/posts"}],"about":[{"href":"https:\/\/desafiomedios.com\/index.php?rest_route=\/wp\/v2\/types\/post"}],"author":[{"embeddable":true,"href":"https:\/\/desafiomedios.com\/index.php?rest_route=\/wp\/v2\/users\/1"}],"replies":[{"embeddable":true,"href":"https:\/\/desafiomedios.com\/index.php?rest_route=%2Fwp%2Fv2%2Fcomments&post=6115"}],"version-history":[{"count":4,"href":"https:\/\/desafiomedios.com\/index.php?rest_route=\/wp\/v2\/posts\/6115\/revisions"}],"predecessor-version":[{"id":6120,"href":"https:\/\/desafiomedios.com\/index.php?rest_route=\/wp\/v2\/posts\/6115\/revisions\/6120"}],"wp:featuredmedia":[{"embeddable":true,"href":"https:\/\/desafiomedios.com\/index.php?rest_route=\/wp\/v2\/media\/6117"}],"wp:attachment":[{"href":"https:\/\/desafiomedios.com\/index.php?rest_route=%2Fwp%2Fv2%2Fmedia&parent=6115"}],"wp:term":[{"taxonomy":"category","embeddable":true,"href":"https:\/\/desafiomedios.com\/index.php?rest_route=%2Fwp%2Fv2%2Fcategories&post=6115"},{"taxonomy":"post_tag","embeddable":true,"href":"https:\/\/desafiomedios.com\/index.php?rest_route=%2Fwp%2Fv2%2Ftags&post=6115"}],"curies":[{"name":"wp","href":"https:\/\/api.w.org\/{rel}","templated":true}]}}