{"id":6122,"date":"2025-06-11T17:30:13","date_gmt":"2025-06-11T15:30:13","guid":{"rendered":"https:\/\/desafiomedios.com\/?p=6122"},"modified":"2025-06-11T17:33:08","modified_gmt":"2025-06-11T15:33:08","slug":"comunicado-de-prensa-samuel-troc-full-color-deluxe-ganador-premio-arpa-2024","status":"publish","type":"post","link":"https:\/\/desafiomedios.com\/?p=6122","title":{"rendered":"COMUNICADO DE PRENSA SAMUEL TROC &#8220;FULL COLOR DELUXE&#8221;. GANADOR PREMIO ARPA 2024"},"content":{"rendered":"\t\t<div data-elementor-type=\"wp-post\" data-elementor-id=\"6122\" class=\"elementor elementor-6122\">\n\t\t\t\t<div class=\"elementor-element elementor-element-eadb0e4 e-flex e-con-boxed e-con e-parent\" data-id=\"eadb0e4\" data-element_type=\"container\" data-settings=\"{&quot;content_width&quot;:&quot;boxed&quot;}\" data-core-v316-plus=\"true\">\n\t\t\t\t\t<div class=\"e-con-inner\">\n\t\t\t\t<div class=\"elementor-element elementor-element-9752e6d elementor-widget elementor-widget-text-editor\" data-id=\"9752e6d\" data-element_type=\"widget\" data-widget_type=\"text-editor.default\">\n\t\t\t\t<div class=\"elementor-widget-container\">\n\t\t\t<style>\/*! elementor - v3.19.0 - 29-01-2024 *\/\n.elementor-widget-text-editor.elementor-drop-cap-view-stacked .elementor-drop-cap{background-color:#69727d;color:#fff}.elementor-widget-text-editor.elementor-drop-cap-view-framed .elementor-drop-cap{color:#69727d;border:3px solid;background-color:transparent}.elementor-widget-text-editor:not(.elementor-drop-cap-view-default) .elementor-drop-cap{margin-top:8px}.elementor-widget-text-editor:not(.elementor-drop-cap-view-default) .elementor-drop-cap-letter{width:1em;height:1em}.elementor-widget-text-editor .elementor-drop-cap{float:left;text-align:center;line-height:1;font-size:50px}.elementor-widget-text-editor .elementor-drop-cap-letter{display:inline-block}<\/style>\t\t\t\t<p>En el vibrante universo de la m\u00fasica contempor\u00e1nea, hay nombres que no solo resuenan, sino que resaltan. Tal es el caso<br \/>de Samuel Troc, el talentoso cantautor venezolano que, con una propuesta audaz y aut\u00e9ntica, est\u00e1 reescribiendo las reglas de<br \/>la m\u00fasica cristiana. Tras un a\u00f1o de \u00e9xitos rotundos y la victoria que le otorg\u00f3 el Premio Arpa 2024 al Mejor \u00c1lbum Urbano,<br \/>Samuel Troc lanza; Full Color Deluxe, un \u00e1lbum que promete ser un antes y un despu\u00e9s en el g\u00e9nero.<br \/>Desde Madrid, Espa\u00f1a, Samuel Troc no es solo un artista; es un fen\u00f3meno que fusiona fe, arte y la efervescencia de la<br \/>cultura urbana. Su narrativa, profunda y sincera, ha capturado el coraz\u00f3n de millones, demostrando que la m\u00fasica con\u00a0<span style=\"color: var( --e-global-color-text ); font-family: var( --e-global-typography-text-font-family ), Sans-serif; font-weight: var( --e-global-typography-text-font-weight ); text-align: var(--text-align);\">prop\u00f3sito puede alcanzar las cimas de la popularidad sin perder su esencia.<\/span><\/p><p>Un Ascenso con Cifras de Impacto<\/p><p><span style=\"color: var( --e-global-color-text ); font-family: var( --e-global-typography-text-font-family ), Sans-serif; font-weight: var( --e-global-typography-text-font-weight ); text-align: var(--text-align);\">Las estad\u00edsticas no mienten: Samuel Troc crece vertiginosamente. Con m\u00e1s de 14 millones de streams totales en plataformas digitales y 75.000 oyentes mensuales en Spotify, su m\u00fasica se ha convertido en banda sonora para una audiencia global.<\/span><\/p><p>Su canal de YouTube no se queda atr\u00e1s, cercano a los 50.000 suscriptores y acumulando m\u00e1s de 15 millones de streams en<br \/>las diferentes plataformas. Actualmente, se posiciona en el top 1% de artistas globales seg\u00fan muso.ai, un logro extraordinario<br \/>para un artista independiente. Canciones como No Pa\u2019tras, Exam\u00edname y Mi Canci\u00f3n son solo una muestra del impacto\u00a0<span style=\"color: var( --e-global-color-text ); font-family: var( --e-global-typography-text-font-family ), Sans-serif; font-weight: var( --e-global-typography-text-font-weight ); text-align: var(--text-align);\">que genera.<\/span><\/p><p>El alcance de su propuesta ha motivado cientos de videos que han sido creados por fans y creadores de contenido en\u00a0<span style=\"color: var( --e-global-color-text ); font-family: var( --e-global-typography-text-font-family ), Sans-serif; font-weight: var( --e-global-typography-text-font-weight ); text-align: var(--text-align);\">diferentes redes sociales expandiendo el mensaje de fe y esperanza.<\/span><\/p><p>Full Color Deluxe: Un Fest\u00edn Sonoro de Colaboraciones Estelares.<\/p><p>Full Color Deluxe; es una joya musical que re\u00fane 14 canciones que navegan por el alma humana, la fe y la identidad, con una paleta sonora que transita del urban al folk-pop. Este trabajo discogr\u00e1fico, que marca una evoluci\u00f3n audaz y profundamente<br \/>espiritual, cuenta con la participaci\u00f3n de figuras de la talla de Damaris Guerra, Travy Joe, Lowsan Melgar, Lizzy Parra, Benji\u00a0<span style=\"color: var( --e-global-color-text ); font-family: var( --e-global-typography-text-font-family ), Sans-serif; font-weight: var( --e-global-typography-text-font-weight ); text-align: var(--text-align);\">Rosales, Pedro Pablo Quintero y Destiny Marko, entre otros.<\/span><\/p><p>Con el trabajo de Pedro Pablo Quintero en la producci\u00f3n y coautor\u00eda de varios de los temas musicales adem\u00e1s de Santiago\u00a0<span style=\"color: var( --e-global-color-text ); font-family: var( --e-global-typography-text-font-family ), Sans-serif; font-weight: var( --e-global-typography-text-font-weight ); text-align: var(--text-align);\">Zapata (Saza) y Los Jaycobz han conseguido crear un \u00e1lbum que gusta e inspira.<\/span><\/p><p>La impecable mezcla y sonido estuvieron a cargo del ingeniero argentino Mart\u00edn Kano, dos veces ganador del Latin Grammy,\u00a0<span style=\"color: var( --e-global-color-text ); font-family: var( --e-global-typography-text-font-family ), Sans-serif; font-weight: var( --e-global-typography-text-font-weight ); text-align: var(--text-align);\">garantizando una calidad de talla mundial.<\/span><\/p><p>Quise hacer un disco que hablara desde el coraz\u00f3n, sin f\u00f3rmulas, pero con la mejor calidad posible. Mi fe me inspira, pero tambi\u00e9n me exige excelencia. Full Color Deluxe es eso: fe hecha arte\u201d, comenta Samuel Troc, revelando la pasi\u00f3n detr\u00e1s de su m\u00e1s reciente creaci\u00f3n.<\/p><p>M\u00e1s All\u00e1 de la M\u00fasica: Un Embajador de la Fe y el Arte Cristiano<\/p><p>El impacto de Samuel Troc va m\u00e1s all\u00e1 de las plataformas digitales. Recientemente, ha sido destacado en medios de comunicaci\u00f3n de gran relevancia como Venevisi\u00f3n, Radio Fe y Alegr\u00eda, Exa FM y Versi\u00f3n Final, consolidando su perfil como una figura influyente. Su participaci\u00f3n en la docuserie sobre los Premios Arpa, junto \u00edconos de la m\u00fasica como Marcos Witt, Juan Luis Guerra y Marcos Vidal, subraya su relevancia en la escena musical de fe iberoamericana.<br \/>Con el respaldo de ONErpm, Samuel Troc se proyecta como un embajador de la m\u00fasica pop con prop\u00f3sito.<br \/>Full Color Deluxe&amp;quot; ya est\u00e1 disponible en todas las plataformas digitales, y con este lanzamiento, Samuel Troc reafirma su compromiso con la excelencia y la inspiraci\u00f3n, llevando un mensaje positivo desde Venezuela al mundo. Su historia es la de un artista independiente que, con autenticidad y talento innegable, ha logrado conectar con millones y recibir los m\u00e1s prestigiosos galardones, demostrando que la fe y el arte pueden, en efecto, mover monta\u00f1as.<\/p><p><iframe title=\"Full Color (Reimagined)\" width=\"640\" height=\"480\" src=\"https:\/\/www.youtube.com\/embed\/PDTuerZyM2U?feature=oembed\" frameborder=\"0\" allow=\"accelerometer; autoplay; clipboard-write; encrypted-media; gyroscope; picture-in-picture; web-share\" referrerpolicy=\"strict-origin-when-cross-origin\" allowfullscreen><\/iframe><\/p>\t\t\t\t\t\t<\/div>\n\t\t\t\t<\/div>\n\t\t\t\t\t<\/div>\n\t\t\t\t<\/div>\n\t\t\t\t<\/div>\n\t\t","protected":false},"excerpt":{"rendered":"<p>En el vibrante universo de la m\u00fasica contempor\u00e1nea, hay nombres que no solo resuenan, sino que resaltan. Tal es el casode Samuel Troc, el talentoso cantautor venezolano que, con una propuesta audaz y aut\u00e9ntica, est\u00e1 reescribiendo las reglas dela m\u00fasica cristiana. Tras un a\u00f1o de \u00e9xitos rotundos y la victoria que le otorg\u00f3 el Premio [&hellip;]<\/p>\n","protected":false},"author":1,"featured_media":6124,"comment_status":"open","ping_status":"open","sticky":false,"template":"","format":"standard","meta":{"_monsterinsights_skip_tracking":false,"_monsterinsights_sitenote_active":false,"_monsterinsights_sitenote_note":"","_monsterinsights_sitenote_category":0,"footnotes":""},"categories":[1],"tags":[],"aioseo_notices":[],"_links":{"self":[{"href":"https:\/\/desafiomedios.com\/index.php?rest_route=\/wp\/v2\/posts\/6122"}],"collection":[{"href":"https:\/\/desafiomedios.com\/index.php?rest_route=\/wp\/v2\/posts"}],"about":[{"href":"https:\/\/desafiomedios.com\/index.php?rest_route=\/wp\/v2\/types\/post"}],"author":[{"embeddable":true,"href":"https:\/\/desafiomedios.com\/index.php?rest_route=\/wp\/v2\/users\/1"}],"replies":[{"embeddable":true,"href":"https:\/\/desafiomedios.com\/index.php?rest_route=%2Fwp%2Fv2%2Fcomments&post=6122"}],"version-history":[{"count":4,"href":"https:\/\/desafiomedios.com\/index.php?rest_route=\/wp\/v2\/posts\/6122\/revisions"}],"predecessor-version":[{"id":6127,"href":"https:\/\/desafiomedios.com\/index.php?rest_route=\/wp\/v2\/posts\/6122\/revisions\/6127"}],"wp:featuredmedia":[{"embeddable":true,"href":"https:\/\/desafiomedios.com\/index.php?rest_route=\/wp\/v2\/media\/6124"}],"wp:attachment":[{"href":"https:\/\/desafiomedios.com\/index.php?rest_route=%2Fwp%2Fv2%2Fmedia&parent=6122"}],"wp:term":[{"taxonomy":"category","embeddable":true,"href":"https:\/\/desafiomedios.com\/index.php?rest_route=%2Fwp%2Fv2%2Fcategories&post=6122"},{"taxonomy":"post_tag","embeddable":true,"href":"https:\/\/desafiomedios.com\/index.php?rest_route=%2Fwp%2Fv2%2Ftags&post=6122"}],"curies":[{"name":"wp","href":"https:\/\/api.w.org\/{rel}","templated":true}]}}