{"id":6158,"date":"2025-06-12T22:34:04","date_gmt":"2025-06-12T20:34:04","guid":{"rendered":"https:\/\/desafiomedios.com\/?p=6158"},"modified":"2025-06-12T22:35:51","modified_gmt":"2025-06-12T20:35:51","slug":"enrique-perez-presenta-bendecire-un-sonido-de-fe-inquebrantable","status":"publish","type":"post","link":"https:\/\/desafiomedios.com\/?p=6158","title":{"rendered":"Enrique P\u00e9rez presenta \u00abBendecir\u00e9\u00bb,  un sonido de fe inquebrantable"},"content":{"rendered":"\t\t<div data-elementor-type=\"wp-post\" data-elementor-id=\"6158\" class=\"elementor elementor-6158\">\n\t\t\t\t<div class=\"elementor-element elementor-element-f0b4efd e-flex e-con-boxed e-con e-parent\" data-id=\"f0b4efd\" data-element_type=\"container\" data-settings=\"{&quot;content_width&quot;:&quot;boxed&quot;}\" data-core-v316-plus=\"true\">\n\t\t\t\t\t<div class=\"e-con-inner\">\n\t\t\t\t<div class=\"elementor-element elementor-element-f77976e elementor-widget elementor-widget-text-editor\" data-id=\"f77976e\" data-element_type=\"widget\" data-widget_type=\"text-editor.default\">\n\t\t\t\t<div class=\"elementor-widget-container\">\n\t\t\t<style>\/*! elementor - v3.19.0 - 29-01-2024 *\/\n.elementor-widget-text-editor.elementor-drop-cap-view-stacked .elementor-drop-cap{background-color:#69727d;color:#fff}.elementor-widget-text-editor.elementor-drop-cap-view-framed .elementor-drop-cap{color:#69727d;border:3px solid;background-color:transparent}.elementor-widget-text-editor:not(.elementor-drop-cap-view-default) .elementor-drop-cap{margin-top:8px}.elementor-widget-text-editor:not(.elementor-drop-cap-view-default) .elementor-drop-cap-letter{width:1em;height:1em}.elementor-widget-text-editor .elementor-drop-cap{float:left;text-align:center;line-height:1;font-size:50px}.elementor-widget-text-editor .elementor-drop-cap-letter{display:inline-block}<\/style>\t\t\t\t<p><span style=\"font-weight: 400;\">El cantautor de m\u00fasica cristiana<\/span><b> Enrique P\u00e9rez <\/b><span style=\"font-weight: 400;\">lanza su sencillo titulado <\/span><a href=\"https:\/\/found.ee\/Bendecire\"><b>\u00abBendecir\u00e9\u00bb<\/b><\/a><span style=\"font-weight: 400;\">. Esta canci\u00f3n es una poderosa expresi\u00f3n de confianza y adoraci\u00f3n en medio del caos o la calma, un recordatorio de que siempre hay razones para bendecir.<\/span><\/p><p><span style=\"font-weight: 400;\">El sencillo nace como un himno personal, m\u00e1s que narrar una experiencia, representa una postura: proclamar las promesas de Dios por encima de lo que se ve, y rendir alabanza confiando en que \u00c9l sigue obrando, incluso cuando no lo entendemos.<\/span><\/p><p><i><span style=\"font-weight: 400;\">\u00abMi oraci\u00f3n es que podamos conectar con la verdad de que en toda circunstancia, \u00c9l sigue teniendo el control, y por eso puedo bendecirlo con todo lo que soy\u00bb<\/span><\/i><span style=\"font-weight: 400;\">, comparte Enrique P\u00e9rez sobre el prop\u00f3sito de la canci\u00f3n.<\/span><\/p><p><span style=\"font-weight: 400;\">Compuesta por el propio Enrique y producida por Dave Giraldo, \u00abBendecir\u00e9\u00bb es una alabanza congregacional de ritmo en\u00e9rgico que combina el country con una producci\u00f3n moderna. Las guitarras \u2014ac\u00fasticas y el\u00e9ctricas\u2014 aportan fuerza y calidez, mientras la percusi\u00f3n impulsa un ambiente que invita a celebrar con firmeza lo que se cree.\u00a0<\/span><\/p><p><span style=\"font-weight: 400;\">La interpretaci\u00f3n vocal de Enrique transmite seguridad y pasi\u00f3n, guiando al oyente en una declaraci\u00f3n de fe contundente. El puente resalta con intensidad al incluir frases inspiradas en la Palabra, que evocan confianza, determinaci\u00f3n y entrega total. Esa conexi\u00f3n espiritual le otorga al tema un peso emocional y b\u00edblico.<\/span><\/p><p><span style=\"font-weight: 400;\">La grabaci\u00f3n tuvo lugar en Comunidad de Fe Ministries, la iglesia local de Enrique en Miami, durante un concierto especial donde el proyecto fue capturado en vivo. <\/span><i><span style=\"font-weight: 400;\">\u00abCuando cantamos el coro por primera vez, todo el auditorio hizo una declaraci\u00f3n personal. Fue algo realmente inolvidable\u00bb<\/span><\/i><span style=\"font-weight: 400;\">, recuerda el cantautor sobre ese momento lleno de presencia y conexi\u00f3n.<\/span><\/p><p><span style=\"font-weight: 400;\">El lanzamiento est\u00e1 acompa\u00f1ado por un video musical grabado en vivo, que ya est\u00e1 disponible en el canal de YouTube de Enrique. El concepto visual gira en torno al coraz\u00f3n humano. En la imagen tambi\u00e9n se refleja en el arte gr\u00e1fico del sencillo, unificando lo visual con el mensaje profundo de la canci\u00f3n.<\/span><\/p><p><span style=\"font-weight: 400;\">\u00abBendecir\u00e9\u00bb es una de las canciones m\u00e1s personales de Enrique P\u00e9rez, una que refleja su propio caminar de fe.<\/span><\/p><p><i><span style=\"font-weight: 400;\">\u00abDe todas las canciones que he escrito, esta es una de mis favoritas, porque refleja la postura que Dios me ense\u00f1\u00f3 a tener frente a las circunstancias dif\u00edciles de la vida. Mi deseo es que tambi\u00e9n conecte profundamente con quienes la escuchen y sea de bendici\u00f3n para ellos\u00bb,<\/span><\/i><span style=\"font-weight: 400;\"> concluye el cantautor, reafirmando su anhelo de que este tema inspire a otros en a trav\u00e9s de sus propias batallas.<\/span><\/p><p><iframe title=\"Bendecir\u00e9 (En Vivo) - Enrique Perez\" width=\"640\" height=\"360\" src=\"https:\/\/www.youtube.com\/embed\/5Ksrw8DZkeQ?feature=oembed\" frameborder=\"0\" allow=\"accelerometer; autoplay; clipboard-write; encrypted-media; gyroscope; picture-in-picture; web-share\" referrerpolicy=\"strict-origin-when-cross-origin\" allowfullscreen><\/iframe><\/p>\t\t\t\t\t\t<\/div>\n\t\t\t\t<\/div>\n\t\t\t\t\t<\/div>\n\t\t\t\t<\/div>\n\t\t\t\t<\/div>\n\t\t","protected":false},"excerpt":{"rendered":"<p>El cantautor de m\u00fasica cristiana Enrique P\u00e9rez lanza su sencillo titulado \u00abBendecir\u00e9\u00bb. Esta canci\u00f3n es una poderosa expresi\u00f3n de confianza y adoraci\u00f3n en medio del caos o la calma, un recordatorio de que siempre hay razones para bendecir. El sencillo nace como un himno personal, m\u00e1s que narrar una experiencia, representa una postura: proclamar las [&hellip;]<\/p>\n","protected":false},"author":1,"featured_media":6161,"comment_status":"open","ping_status":"open","sticky":false,"template":"","format":"standard","meta":{"_monsterinsights_skip_tracking":false,"_monsterinsights_sitenote_active":false,"_monsterinsights_sitenote_note":"","_monsterinsights_sitenote_category":0,"footnotes":""},"categories":[1],"tags":[],"aioseo_notices":[],"_links":{"self":[{"href":"https:\/\/desafiomedios.com\/index.php?rest_route=\/wp\/v2\/posts\/6158"}],"collection":[{"href":"https:\/\/desafiomedios.com\/index.php?rest_route=\/wp\/v2\/posts"}],"about":[{"href":"https:\/\/desafiomedios.com\/index.php?rest_route=\/wp\/v2\/types\/post"}],"author":[{"embeddable":true,"href":"https:\/\/desafiomedios.com\/index.php?rest_route=\/wp\/v2\/users\/1"}],"replies":[{"embeddable":true,"href":"https:\/\/desafiomedios.com\/index.php?rest_route=%2Fwp%2Fv2%2Fcomments&post=6158"}],"version-history":[{"count":4,"href":"https:\/\/desafiomedios.com\/index.php?rest_route=\/wp\/v2\/posts\/6158\/revisions"}],"predecessor-version":[{"id":6164,"href":"https:\/\/desafiomedios.com\/index.php?rest_route=\/wp\/v2\/posts\/6158\/revisions\/6164"}],"wp:featuredmedia":[{"embeddable":true,"href":"https:\/\/desafiomedios.com\/index.php?rest_route=\/wp\/v2\/media\/6161"}],"wp:attachment":[{"href":"https:\/\/desafiomedios.com\/index.php?rest_route=%2Fwp%2Fv2%2Fmedia&parent=6158"}],"wp:term":[{"taxonomy":"category","embeddable":true,"href":"https:\/\/desafiomedios.com\/index.php?rest_route=%2Fwp%2Fv2%2Fcategories&post=6158"},{"taxonomy":"post_tag","embeddable":true,"href":"https:\/\/desafiomedios.com\/index.php?rest_route=%2Fwp%2Fv2%2Ftags&post=6158"}],"curies":[{"name":"wp","href":"https:\/\/api.w.org\/{rel}","templated":true}]}}