{"id":6173,"date":"2025-06-12T22:40:45","date_gmt":"2025-06-12T20:40:45","guid":{"rendered":"https:\/\/desafiomedios.com\/?p=6173"},"modified":"2025-06-12T22:44:54","modified_gmt":"2025-06-12T20:44:54","slug":"nathanael-paredes-presenta-abrazame-un-canto-de-consuelo-y-esperanza-en-el-espiritu-santo","status":"publish","type":"post","link":"https:\/\/desafiomedios.com\/?p=6173","title":{"rendered":"Nathanael Paredes presenta: &#8220;Abr\u00e1zame&#8221;:  Un canto de consuelo y esperanza en el Esp\u00edritu Santo"},"content":{"rendered":"\t\t<div data-elementor-type=\"wp-post\" data-elementor-id=\"6173\" class=\"elementor elementor-6173\">\n\t\t\t\t<div class=\"elementor-element elementor-element-26fb7c9 e-flex e-con-boxed e-con e-parent\" data-id=\"26fb7c9\" data-element_type=\"container\" data-settings=\"{&quot;content_width&quot;:&quot;boxed&quot;}\" data-core-v316-plus=\"true\">\n\t\t\t\t\t<div class=\"e-con-inner\">\n\t\t\t\t<div class=\"elementor-element elementor-element-59eba2c elementor-widget elementor-widget-text-editor\" data-id=\"59eba2c\" data-element_type=\"widget\" data-widget_type=\"text-editor.default\">\n\t\t\t\t<div class=\"elementor-widget-container\">\n\t\t\t<style>\/*! elementor - v3.19.0 - 29-01-2024 *\/\n.elementor-widget-text-editor.elementor-drop-cap-view-stacked .elementor-drop-cap{background-color:#69727d;color:#fff}.elementor-widget-text-editor.elementor-drop-cap-view-framed .elementor-drop-cap{color:#69727d;border:3px solid;background-color:transparent}.elementor-widget-text-editor:not(.elementor-drop-cap-view-default) .elementor-drop-cap{margin-top:8px}.elementor-widget-text-editor:not(.elementor-drop-cap-view-default) .elementor-drop-cap-letter{width:1em;height:1em}.elementor-widget-text-editor .elementor-drop-cap{float:left;text-align:center;line-height:1;font-size:50px}.elementor-widget-text-editor .elementor-drop-cap-letter{display:inline-block}<\/style>\t\t\t\t<p>Con una letra cargada de emotividad y una melod\u00eda sublime, \u201cAbr\u00e1zame\u201d naci\u00f3 como un clamor honesto, donde la vulnerabilidad del coraz\u00f3n queda al descubierto ante la presencia de Dios.<\/p><p dir=\"ltr\">Para Nathanael, este canto fue un b\u00e1lsamo que reconfort\u00f3 su alma en uno de los momentos m\u00e1s dif\u00edciles de su vida, cuando su madre parti\u00f3 de este plano terrenal. Es por ello, que \u201cabr\u00e1zame\u201d es un testimonio sincero de lo que Dios puede hacer por quienes se encuentran afligidos.<\/p><p dir=\"ltr\">Cada verso expresa ese deseo humano de sentirnos acompa\u00f1ados, y al mismo tiempo, la convicci\u00f3n de que Dios est\u00e1 presente, consolando con amor. Es una invitaci\u00f3n abierta a todos los apasionados por la presencia del Esp\u00edritu Santo, a rendir toda su fe y confianza ante \u00c9l.\u00a0<\/p><p dir=\"ltr\"><strong>Proceso creativo y de producci\u00f3n<\/strong><\/p><p dir=\"ltr\">La canci\u00f3n fue grabada en una\u00a0<strong>Plaza de Toros<\/strong>\u00a0en la ciudad de\u00a0<strong>Madrid<\/strong>, durante el evento\u00a0<em>Espa\u00f1a Adora<\/em>. La producci\u00f3n musical, mezcla y masterizaci\u00f3n estuvo a cargo de\u00a0<strong>Janderson Almeida<\/strong>, desde\u00a0<strong>Brasil<\/strong>.<\/p><p dir=\"ltr\">La producci\u00f3n audiovisual fue dirigida por\u00a0<strong>Agner Marter<\/strong>, quien logr\u00f3 capturar la atm\u00f3sfera de adoraci\u00f3n genuina que se vivi\u00f3 durante las horas de grabaci\u00f3n en vivo, donde cientos de personas unieron sus voces para exclamar con pasi\u00f3n: \u201c\u00a1Esp\u00edritu Santo, abr\u00e1zame!\u201d.<\/p><p><em>&#8220;En el momento m\u00e1s dif\u00edcil de mi vida, ning\u00fan otro abrazo trajo consuelo a mi alma como lo hizo el Esp\u00edritu Santo. \u00c9l no ha dejado de ser el dulce consolador. Despu\u00e9s de haber viajado a mi pa\u00eds tras la partida de mi Madre, desee profundamente recibir el abrazo materno que todo hijo necesita, pero Dios se encarg\u00f3 de abrazarme un d\u00eda donde fui tocado profundamente y sent\u00ed su presencia y consuelo sanador\u201d. &#8211; Expres\u00f3 Nathanael.<\/em><\/p><p><strong>Sobre Nathanael Paredes<\/strong><\/p><p>Nacido en <strong>Rep\u00fablica Dominicana<\/strong>,\u00a0<strong>Nathanael<\/strong>\u00a0creci\u00f3 en una familia pastoral y desde temprana edad mostr\u00f3 una pasi\u00f3n profunda por la adoraci\u00f3n. En\u00a0<strong>2009\u00a0<\/strong>lanz\u00f3 su primer disco como solista, titulado\u00a0<em>\u201cMi Entrega\u201d<\/em>, y ese mismo a\u00f1o se estableci\u00f3 en\u00a0<strong>Madrid, Espa\u00f1a<\/strong>, donde comenz\u00f3 a desarrollar su ministerio musical y evangel\u00edstico por diversos pa\u00edses de Europa.<\/p><p dir=\"ltr\">Fue comisionado por el\u00a0<em>Ministerio de las Asambleas de Dios\u00a0<\/em>de\u00a0<strong>Brasil<\/strong>\u00a0para liderar la alabanza y adoraci\u00f3n en Portugal durante tres a\u00f1os. En<strong>\u00a02013<\/strong>, fue consagrado como Pastor y Ministro de Adoraci\u00f3n en\u00a0<strong>S\u00e3o Paulo, Brasil.<\/strong><\/p><p dir=\"ltr\">Actualmente reside en\u00a0<strong>Madrid, Espa\u00f1a,<\/strong>\u00a0donde lanz\u00f3 su m\u00e1s reciente \u00e1lbum\u00a0<em>\u201cComo Nunca Antes\u201d<\/em>\u00a0y forma parte de la iglesia\u00a0<em>Pasi\u00f3n por Cristo<\/em>, bajo el liderazgo de los pastores\u00a0<strong>Juan Cano y Victoria Cesario.<\/strong><\/p><p dir=\"ltr\">Con una visi\u00f3n clara de llevar el mensaje de salvaci\u00f3n a trav\u00e9s de la m\u00fasica,\u00a0<strong>Nathanael<\/strong>\u00a0busca que cada canci\u00f3n sea una experiencia que conecte al oyente con el amor real de un Dios Padre que abraza, sana y restaura.<\/p><p><iframe title=\"Abr\u00e1zame - Nathanael Paredes (Video Oficial)\" width=\"640\" height=\"360\" src=\"https:\/\/www.youtube.com\/embed\/p6FRzDKtXFk?feature=oembed\" frameborder=\"0\" allow=\"accelerometer; autoplay; clipboard-write; encrypted-media; gyroscope; picture-in-picture; web-share\" referrerpolicy=\"strict-origin-when-cross-origin\" allowfullscreen><\/iframe><\/p>\t\t\t\t\t\t<\/div>\n\t\t\t\t<\/div>\n\t\t\t\t\t<\/div>\n\t\t\t\t<\/div>\n\t\t\t\t<\/div>\n\t\t","protected":false},"excerpt":{"rendered":"<p>Con una letra cargada de emotividad y una melod\u00eda sublime, \u201cAbr\u00e1zame\u201d naci\u00f3 como un clamor honesto, donde la vulnerabilidad del coraz\u00f3n queda al descubierto ante la presencia de Dios. Para Nathanael, este canto fue un b\u00e1lsamo que reconfort\u00f3 su alma en uno de los momentos m\u00e1s dif\u00edciles de su vida, cuando su madre parti\u00f3 de [&hellip;]<\/p>\n","protected":false},"author":1,"featured_media":6175,"comment_status":"open","ping_status":"open","sticky":false,"template":"","format":"standard","meta":{"_monsterinsights_skip_tracking":false,"_monsterinsights_sitenote_active":false,"_monsterinsights_sitenote_note":"","_monsterinsights_sitenote_category":0,"footnotes":""},"categories":[1],"tags":[],"aioseo_notices":[],"_links":{"self":[{"href":"https:\/\/desafiomedios.com\/index.php?rest_route=\/wp\/v2\/posts\/6173"}],"collection":[{"href":"https:\/\/desafiomedios.com\/index.php?rest_route=\/wp\/v2\/posts"}],"about":[{"href":"https:\/\/desafiomedios.com\/index.php?rest_route=\/wp\/v2\/types\/post"}],"author":[{"embeddable":true,"href":"https:\/\/desafiomedios.com\/index.php?rest_route=\/wp\/v2\/users\/1"}],"replies":[{"embeddable":true,"href":"https:\/\/desafiomedios.com\/index.php?rest_route=%2Fwp%2Fv2%2Fcomments&post=6173"}],"version-history":[{"count":7,"href":"https:\/\/desafiomedios.com\/index.php?rest_route=\/wp\/v2\/posts\/6173\/revisions"}],"predecessor-version":[{"id":6181,"href":"https:\/\/desafiomedios.com\/index.php?rest_route=\/wp\/v2\/posts\/6173\/revisions\/6181"}],"wp:featuredmedia":[{"embeddable":true,"href":"https:\/\/desafiomedios.com\/index.php?rest_route=\/wp\/v2\/media\/6175"}],"wp:attachment":[{"href":"https:\/\/desafiomedios.com\/index.php?rest_route=%2Fwp%2Fv2%2Fmedia&parent=6173"}],"wp:term":[{"taxonomy":"category","embeddable":true,"href":"https:\/\/desafiomedios.com\/index.php?rest_route=%2Fwp%2Fv2%2Fcategories&post=6173"},{"taxonomy":"post_tag","embeddable":true,"href":"https:\/\/desafiomedios.com\/index.php?rest_route=%2Fwp%2Fv2%2Ftags&post=6173"}],"curies":[{"name":"wp","href":"https:\/\/api.w.org\/{rel}","templated":true}]}}