{"id":6197,"date":"2025-06-14T18:18:46","date_gmt":"2025-06-14T16:18:46","guid":{"rendered":"https:\/\/desafiomedios.com\/?p=6197"},"modified":"2025-06-14T18:20:18","modified_gmt":"2025-06-14T16:20:18","slug":"bogota-gospel-2025","status":"publish","type":"post","link":"https:\/\/desafiomedios.com\/?p=6197","title":{"rendered":"BOGOT\u00c1 GOSPEL 2025"},"content":{"rendered":"\t\t<div data-elementor-type=\"wp-post\" data-elementor-id=\"6197\" class=\"elementor elementor-6197\">\n\t\t\t\t<div class=\"elementor-element elementor-element-2717cb7 e-flex e-con-boxed e-con e-parent\" data-id=\"2717cb7\" data-element_type=\"container\" data-settings=\"{&quot;content_width&quot;:&quot;boxed&quot;}\" data-core-v316-plus=\"true\">\n\t\t\t\t\t<div class=\"e-con-inner\">\n\t\t\t\t<div class=\"elementor-element elementor-element-3514312 elementor-widget elementor-widget-text-editor\" data-id=\"3514312\" data-element_type=\"widget\" data-widget_type=\"text-editor.default\">\n\t\t\t\t<div class=\"elementor-widget-container\">\n\t\t\t<style>\/*! elementor - v3.19.0 - 29-01-2024 *\/\n.elementor-widget-text-editor.elementor-drop-cap-view-stacked .elementor-drop-cap{background-color:#69727d;color:#fff}.elementor-widget-text-editor.elementor-drop-cap-view-framed .elementor-drop-cap{color:#69727d;border:3px solid;background-color:transparent}.elementor-widget-text-editor:not(.elementor-drop-cap-view-default) .elementor-drop-cap{margin-top:8px}.elementor-widget-text-editor:not(.elementor-drop-cap-view-default) .elementor-drop-cap-letter{width:1em;height:1em}.elementor-widget-text-editor .elementor-drop-cap{float:left;text-align:center;line-height:1;font-size:50px}.elementor-widget-text-editor .elementor-drop-cap-letter{display:inline-block}<\/style>\t\t\t\t<p>Nos alegra anunciar que Bogot\u00e1 G\u00f3spel regresa en su d\u00e9cima tercera edici\u00f3n, consolid\u00e1ndose como uno de los festivales de m\u00fasica g\u00f3spel m\u00e1s importantes de Latinoam\u00e9rica. Gracias al apoyo del Gobierno Distrital, este evento se realizar\u00e1 una vez m\u00e1s como parte de la programaci\u00f3n del Festival de Verano, reafirmando el compromiso de la ciudad con la promoci\u00f3n del arte, la cultura y el talento local. <br \/>El pr\u00f3ximo 7 de agosto, el Parque Metropolitano Sim\u00f3n Bol\u00edvar ser\u00e1 el punto de encuentro para celebrar una jornada inolvidable de m\u00fasica, fe y unidad. Nos emociona abrir de manera oficial la Convocatoria 2025 para artistas y bandas de Bogot\u00e1, que estar\u00e1 activa del 13 al 30 de junio. Este proceso busca seleccionar tres propuestas musicales que formar\u00e1n parte de la programaci\u00f3n del festival. Es una oportunidad \u00fanica para visibilizar el trabajo art\u00edstico y creativo de m\u00fasicos comprometidos con este g\u00e9nero. A lo largo de sus ediciones, Bogot\u00e1 G\u00f3spel ha sido una plataforma clave para el descubrimiento y proyecci\u00f3n de nuevos talentos. Gracias a este festival, muchos artistas han logrado llevar su mensaje a nuevas audiencias, fortaleciendo as\u00ed el panorama musical de nuestra ciudad.<br \/>Los interesados podr\u00e1n encontrar toda la informaci\u00f3n sobre requisitos, condiciones y el formulario de inscripci\u00f3n en el link: bit.ly\/BandasGospel Invitamos a todos los artistas del g\u00e9nero a postularse y a ser parte de esta experiencia \u00fanica que a\u00f1o tras a\u00f1o sigue consolidando a Bogot\u00e1 como una ciudad de puertas abiertas al talento, la m\u00fasica y la espiritualidad.<\/p><p>https:\/\/bit.ly\/BandasGospel<\/p>\t\t\t\t\t\t<\/div>\n\t\t\t\t<\/div>\n\t\t\t\t\t<\/div>\n\t\t\t\t<\/div>\n\t\t\t\t<\/div>\n\t\t","protected":false},"excerpt":{"rendered":"<p>Nos alegra anunciar que Bogot\u00e1 G\u00f3spel regresa en su d\u00e9cima tercera edici\u00f3n, consolid\u00e1ndose como uno de los festivales de m\u00fasica g\u00f3spel m\u00e1s importantes de Latinoam\u00e9rica. Gracias al apoyo del Gobierno Distrital, este evento se realizar\u00e1 una vez m\u00e1s como parte de la programaci\u00f3n del Festival de Verano, reafirmando el compromiso de la ciudad con la [&hellip;]<\/p>\n","protected":false},"author":1,"featured_media":6200,"comment_status":"open","ping_status":"open","sticky":false,"template":"","format":"standard","meta":{"_monsterinsights_skip_tracking":false,"_monsterinsights_sitenote_active":false,"_monsterinsights_sitenote_note":"","_monsterinsights_sitenote_category":0,"footnotes":""},"categories":[1],"tags":[],"aioseo_notices":[],"_links":{"self":[{"href":"https:\/\/desafiomedios.com\/index.php?rest_route=\/wp\/v2\/posts\/6197"}],"collection":[{"href":"https:\/\/desafiomedios.com\/index.php?rest_route=\/wp\/v2\/posts"}],"about":[{"href":"https:\/\/desafiomedios.com\/index.php?rest_route=\/wp\/v2\/types\/post"}],"author":[{"embeddable":true,"href":"https:\/\/desafiomedios.com\/index.php?rest_route=\/wp\/v2\/users\/1"}],"replies":[{"embeddable":true,"href":"https:\/\/desafiomedios.com\/index.php?rest_route=%2Fwp%2Fv2%2Fcomments&post=6197"}],"version-history":[{"count":4,"href":"https:\/\/desafiomedios.com\/index.php?rest_route=\/wp\/v2\/posts\/6197\/revisions"}],"predecessor-version":[{"id":6203,"href":"https:\/\/desafiomedios.com\/index.php?rest_route=\/wp\/v2\/posts\/6197\/revisions\/6203"}],"wp:featuredmedia":[{"embeddable":true,"href":"https:\/\/desafiomedios.com\/index.php?rest_route=\/wp\/v2\/media\/6200"}],"wp:attachment":[{"href":"https:\/\/desafiomedios.com\/index.php?rest_route=%2Fwp%2Fv2%2Fmedia&parent=6197"}],"wp:term":[{"taxonomy":"category","embeddable":true,"href":"https:\/\/desafiomedios.com\/index.php?rest_route=%2Fwp%2Fv2%2Fcategories&post=6197"},{"taxonomy":"post_tag","embeddable":true,"href":"https:\/\/desafiomedios.com\/index.php?rest_route=%2Fwp%2Fv2%2Ftags&post=6197"}],"curies":[{"name":"wp","href":"https:\/\/api.w.org\/{rel}","templated":true}]}}