{"id":6208,"date":"2025-06-17T18:13:50","date_gmt":"2025-06-17T16:13:50","guid":{"rendered":"https:\/\/desafiomedios.com\/?p=6208"},"modified":"2025-06-17T18:14:58","modified_gmt":"2025-06-17T16:14:58","slug":"escribiendo-mi-historia-emmanuel-bornachera","status":"publish","type":"post","link":"https:\/\/desafiomedios.com\/?p=6208","title":{"rendered":"&#8220;Escribiendo mi historia&#8221; &#8211; Emmanuel Bornachera"},"content":{"rendered":"\t\t<div data-elementor-type=\"wp-post\" data-elementor-id=\"6208\" class=\"elementor elementor-6208\">\n\t\t\t\t<div class=\"elementor-element elementor-element-0b07ef4 e-flex e-con-boxed e-con e-parent\" data-id=\"0b07ef4\" data-element_type=\"container\" data-settings=\"{&quot;content_width&quot;:&quot;boxed&quot;}\" data-core-v316-plus=\"true\">\n\t\t\t\t\t<div class=\"e-con-inner\">\n\t\t\t\t<div class=\"elementor-element elementor-element-1e9aae3 elementor-widget elementor-widget-text-editor\" data-id=\"1e9aae3\" data-element_type=\"widget\" data-widget_type=\"text-editor.default\">\n\t\t\t\t<div class=\"elementor-widget-container\">\n\t\t\t<style>\/*! elementor - v3.19.0 - 29-01-2024 *\/\n.elementor-widget-text-editor.elementor-drop-cap-view-stacked .elementor-drop-cap{background-color:#69727d;color:#fff}.elementor-widget-text-editor.elementor-drop-cap-view-framed .elementor-drop-cap{color:#69727d;border:3px solid;background-color:transparent}.elementor-widget-text-editor:not(.elementor-drop-cap-view-default) .elementor-drop-cap{margin-top:8px}.elementor-widget-text-editor:not(.elementor-drop-cap-view-default) .elementor-drop-cap-letter{width:1em;height:1em}.elementor-widget-text-editor .elementor-drop-cap{float:left;text-align:center;line-height:1;font-size:50px}.elementor-widget-text-editor .elementor-drop-cap-letter{display:inline-block}<\/style>\t\t\t\t<p>Con tan solo 12 a\u00f1os, el ni\u00f1o prodigio del canto y la adoraci\u00f3n, asume el reto de lanzar su primer \u00e1lbum musical a ritmo de vallenato pop, donde cada canci\u00f3n es un mensaje de fe y esperanza, con las que est\u00e1 llegando a los corazones de las personas en los pa\u00edses de habla hispana.<\/p><p>Emmanuel Bornachera, aunque siendo apenas un ni\u00f1o, entre hospitales, cirug\u00edas, momentos duros y tambi\u00e9n muy especiales, ha ido escribiendo su historia, llen\u00e1ndola de notas musicales.<br \/>Emmanuel naci\u00f3 con varias malformaciones cong\u00e9nitas el 18 de agosto de 2012, bajo el diagn\u00f3stico de asociaci\u00f3n Vacterl, las probabilidades de vida eran no m\u00e1s de 5 d\u00edas, por ser cient\u00edficamente incompatible con la vida. Sin embargo, sus padres se aferraron a Dios por un milagro y ahora Emmanuel tiene 12 a\u00f1os y se encuentra desarrollando el Don que Dios le dio.<br \/>Externamente se evidencia: el brazo derecho hasta el codito, en el izquierdo la ausencia del radio y con tan solo dos deditos. Dice Emmanuel: &#8220;Dios me dio lo necesario para agarrar la cuchara para la sopa, el micr\u00f3fono para cantar y el l\u00e1piz para escribir mis canciones. Agradezco a Dios por el regalo de la vida que me ha dado, soy muy feliz y quiero expresarlo con libertad por medio de mi m\u00fasica&#8221;.\u00a0<br \/><span style=\"color: var( --e-global-color-text ); font-family: var( --e-global-typography-text-font-family ), Sans-serif; font-weight: var( --e-global-typography-text-font-weight ); text-align: var(--text-align);\">Internamente, naci\u00f3 sin es\u00f3fago, por lo que se le realiz\u00f3 un ascenso g\u00e1strico, por lo\u00a0<\/span><span style=\"color: var( --e-global-color-text ); font-family: var( --e-global-typography-text-font-family ), Sans-serif; font-weight: var( --e-global-typography-text-font-weight ); text-align: var(--text-align);\">que tiene el coraz\u00f3n en su posici\u00f3n natural, al lado el est\u00f3mago y as\u00ed los pulmones,\u00a0<\/span><span style=\"color: var( --e-global-color-text ); font-family: var( --e-global-typography-text-font-family ), Sans-serif; font-weight: var( --e-global-typography-text-font-weight ); text-align: var(--text-align);\">tres \u00f3rganos vitales juntos, pero esa condici\u00f3n no es impedimento para llevar un <\/span><span style=\"color: var( --e-global-color-text ); font-family: var( --e-global-typography-text-font-family ), Sans-serif; font-weight: var( --e-global-typography-text-font-weight ); text-align: var(--text-align);\">mensaje de fe y esperanza por medio de su canto.<\/span><\/p><p>Emmanuel Bornachera, presenta su primer \u00e1lbum musical de 10 canciones a ritmo de vallenato pop, el cual ya se encuentra disponible en todas las plataformas digitales. Emmanuel, en lo que va de su carrera, ha hecho presencia en diferentes plataformas, entre ellas conciertos, encuentros infantiles, juveniles, entre otros, Dios le est\u00e1 abriendo puertas nacionales e internacionales. El pasado 1 de mayo hizo presencia en Fiesta Celestial, evento g\u00f3spel que se realiza en la ciudad de Valledupar.<br \/>En el mes de mayo y junio se encuentra visitando diferentes instituciones educativas en el departamento del Cesar y La Guajira, con la finalidad de inspirar a ni\u00f1os y j\u00f3venes a so\u00f1ar en grande y a alcanzar sus sue\u00f1os, a no rendirse y a sobrepasar los obst\u00e1culos del rechazo y el bullying, contribuyendo a la lucha contra el suicidio en adolescentes.<\/p><p>Para el segundo semestre tiene prevista una agenda de presentaciones donde compartir\u00e1 escenarios con artistas internacionales. Dios me ha dicho de diferentes maneras: &#8220;\u00a1No dejes de cantar! porque muchos ser\u00edan felices escuch\u00e1ndote&#8221;, y le he respondido: &#8220;\u00a1No me rendir\u00e9! porque cuando estoy contigo, todo es tan distinto, todo es tan perfecto, es como estar en un r\u00edo, donde la brisa, la rima, el sol, el silencio&#8230; se refresca mi alma, que dicha c\u00f3mo me inspiras; se renuevan mis fuerzas haci\u00e9ndome seguir adelante, luchar por mis sue\u00f1os y decirle al mundo que ya est\u00e1 lista tu llegada&#8221;.<\/p><p>Doy gracias a Dios por bendecir mi vida, por llevarme de la mano a escribir mi historia.<br \/>A mi familia, por su apoyo incondicional, a los compositores, m\u00fasicos y equipo de producci\u00f3n, quienes me han ayudado a hacer realidad mi primera obra art\u00edstica en el mundo de la canci\u00f3n.<\/p><p>A ustedes por su atenci\u00f3n y animarse a escuchar mis canciones.<br \/>Nunca olviden que Dios es bueno.<\/p><p>Emmanuel Bornachera\u00a0<\/p><p><iframe title=\"Emmanuel Bornachera - Escribiendo Mi Historia (Video Oficial)\" width=\"640\" height=\"360\" src=\"https:\/\/www.youtube.com\/embed\/wTh1lpSpsZk?feature=oembed\" frameborder=\"0\" allow=\"accelerometer; autoplay; clipboard-write; encrypted-media; gyroscope; picture-in-picture; web-share\" referrerpolicy=\"strict-origin-when-cross-origin\" allowfullscreen><\/iframe><\/p>\t\t\t\t\t\t<\/div>\n\t\t\t\t<\/div>\n\t\t\t\t\t<\/div>\n\t\t\t\t<\/div>\n\t\t\t\t<\/div>\n\t\t","protected":false},"excerpt":{"rendered":"<p>Con tan solo 12 a\u00f1os, el ni\u00f1o prodigio del canto y la adoraci\u00f3n, asume el reto de lanzar su primer \u00e1lbum musical a ritmo de vallenato pop, donde cada canci\u00f3n es un mensaje de fe y esperanza, con las que est\u00e1 llegando a los corazones de las personas en los pa\u00edses de habla hispana. Emmanuel [&hellip;]<\/p>\n","protected":false},"author":1,"featured_media":6210,"comment_status":"open","ping_status":"open","sticky":false,"template":"","format":"standard","meta":{"_monsterinsights_skip_tracking":false,"_monsterinsights_sitenote_active":false,"_monsterinsights_sitenote_note":"","_monsterinsights_sitenote_category":0,"footnotes":""},"categories":[1],"tags":[],"aioseo_notices":[],"_links":{"self":[{"href":"https:\/\/desafiomedios.com\/index.php?rest_route=\/wp\/v2\/posts\/6208"}],"collection":[{"href":"https:\/\/desafiomedios.com\/index.php?rest_route=\/wp\/v2\/posts"}],"about":[{"href":"https:\/\/desafiomedios.com\/index.php?rest_route=\/wp\/v2\/types\/post"}],"author":[{"embeddable":true,"href":"https:\/\/desafiomedios.com\/index.php?rest_route=\/wp\/v2\/users\/1"}],"replies":[{"embeddable":true,"href":"https:\/\/desafiomedios.com\/index.php?rest_route=%2Fwp%2Fv2%2Fcomments&post=6208"}],"version-history":[{"count":4,"href":"https:\/\/desafiomedios.com\/index.php?rest_route=\/wp\/v2\/posts\/6208\/revisions"}],"predecessor-version":[{"id":6213,"href":"https:\/\/desafiomedios.com\/index.php?rest_route=\/wp\/v2\/posts\/6208\/revisions\/6213"}],"wp:featuredmedia":[{"embeddable":true,"href":"https:\/\/desafiomedios.com\/index.php?rest_route=\/wp\/v2\/media\/6210"}],"wp:attachment":[{"href":"https:\/\/desafiomedios.com\/index.php?rest_route=%2Fwp%2Fv2%2Fmedia&parent=6208"}],"wp:term":[{"taxonomy":"category","embeddable":true,"href":"https:\/\/desafiomedios.com\/index.php?rest_route=%2Fwp%2Fv2%2Fcategories&post=6208"},{"taxonomy":"post_tag","embeddable":true,"href":"https:\/\/desafiomedios.com\/index.php?rest_route=%2Fwp%2Fv2%2Ftags&post=6208"}],"curies":[{"name":"wp","href":"https:\/\/api.w.org\/{rel}","templated":true}]}}