{"id":6214,"date":"2025-06-17T18:25:21","date_gmt":"2025-06-17T16:25:21","guid":{"rendered":"https:\/\/desafiomedios.com\/?p=6214"},"modified":"2025-06-17T18:25:36","modified_gmt":"2025-06-17T16:25:36","slug":"ebed-worship-jesus-te-adoro","status":"publish","type":"post","link":"https:\/\/desafiomedios.com\/?p=6214","title":{"rendered":"EBED WORSHIP &#8211; &#8220;Jes\u00fas te adoro&#8221;"},"content":{"rendered":"\t\t<div data-elementor-type=\"wp-post\" data-elementor-id=\"6214\" class=\"elementor elementor-6214\">\n\t\t\t\t<div class=\"elementor-element elementor-element-6f46688 e-flex e-con-boxed e-con e-parent\" data-id=\"6f46688\" data-element_type=\"container\" data-settings=\"{&quot;content_width&quot;:&quot;boxed&quot;}\" data-core-v316-plus=\"true\">\n\t\t\t\t\t<div class=\"e-con-inner\">\n\t\t\t\t<div class=\"elementor-element elementor-element-040ab45 elementor-widget elementor-widget-text-editor\" data-id=\"040ab45\" data-element_type=\"widget\" data-widget_type=\"text-editor.default\">\n\t\t\t\t<div class=\"elementor-widget-container\">\n\t\t\t<style>\/*! elementor - v3.19.0 - 29-01-2024 *\/\n.elementor-widget-text-editor.elementor-drop-cap-view-stacked .elementor-drop-cap{background-color:#69727d;color:#fff}.elementor-widget-text-editor.elementor-drop-cap-view-framed .elementor-drop-cap{color:#69727d;border:3px solid;background-color:transparent}.elementor-widget-text-editor:not(.elementor-drop-cap-view-default) .elementor-drop-cap{margin-top:8px}.elementor-widget-text-editor:not(.elementor-drop-cap-view-default) .elementor-drop-cap-letter{width:1em;height:1em}.elementor-widget-text-editor .elementor-drop-cap{float:left;text-align:center;line-height:1;font-size:50px}.elementor-widget-text-editor .elementor-drop-cap-letter{display:inline-block}<\/style>\t\t\t\t<p>El ministerio musical EBED WORSHIP conformada por Jairo Montesino (bajista, vocalista, arreglista musical y pre-producci\u00f3n), Elimelec Montesino (baterista, arreglista musical), Ismeray Montesino (vocalista), Zabdiel Montesino (vocalista,<br \/>guitarrista, productor musical, film\u00f3grafo, editor de video y audio), y Stenfer (pianista, arreglista musical y pre-producci\u00f3n) presenta con gran emoci\u00f3n su m\u00e1s reciente sencillo titulado &#8216;Jes\u00fas Te Adoro&#8217;. Este ministerio musical, acompa\u00f1ado tambi\u00e9n de un equipo profesional detr\u00e1s de c\u00e1maras que apoya en fotograf\u00eda, marketing y agenda, contin\u00faa llevando su mensaje a trav\u00e9s de cada composici\u00f3n.<\/p><p>Lanzamiento de la Canci\u00f3n &#8216;Jes\u00fas Te Adoro&#8217; \u2013 Un Llamado a la Adoraci\u00f3n Verdadera Sobre la Canci\u00f3n:<br \/>&#8216;Jes\u00fas Te Adoro&#8217; es un canto que invita a reflexionar sobre el prop\u00f3sito por el cual el ser humano fue creado para adorar a Dios y vivir en obediencia a su palabra. Este mensaje se fundamenta en el acto supremo de amor de Jes\u00fas, quien entreg\u00f3 su vida por la humanidad. Cada expresi\u00f3n de adoraci\u00f3n, ya sea en obediencia o en alabanza, se convierte en un reflejo de su presencia constante entre nosotros.<br \/>La inspiraci\u00f3n para &#8216;Jes\u00fas Te Adoro&#8217;:<br \/><span style=\"color: var( --e-global-color-text ); font-family: var( --e-global-typography-text-font-family ), Sans-serif; font-weight: var( --e-global-typography-text-font-weight ); text-align: var(--text-align);\">Surgi\u00f3 durante un tiempo de ministraci\u00f3n en una escuela dominical mientras Jairo Montesino tocaba el\u00a0<\/span><span style=\"color: var( --e-global-color-text ); font-family: var( --e-global-typography-text-font-family ), Sans-serif; font-weight: var( --e-global-typography-text-font-weight ); text-align: var(--text-align);\">piano y clamaba al Esp\u00edritu Santo por una melod\u00eda para adorarle, en medio de ese tiempo nacieron frases\u00a0<\/span><span style=\"color: var( --e-global-color-text ); font-family: var( --e-global-typography-text-font-family ), Sans-serif; font-weight: var( --e-global-typography-text-font-weight ); text-align: var(--text-align);\">como: \u201cEn tu presencia me rindo\u201d y \u201cJes\u00fas te adoro\u201d, palabras que reflejan una entrega total.<\/span><\/p><p>La canci\u00f3n tambi\u00e9n surge de un momento personal de quebrantamiento, mientras eran teloneros en un concierto de Barak, el sinti\u00f3 molestia en su garganta y vos y luego del concierto, Jairo Montesino perdi\u00f3 su voz, enfrentando un tiempo dif\u00edcil, durante un devocional al intentar cantar y no poder hacerlo, comprendi\u00f3 que adorar a Dios trasciende el uso de la voz; es un acto profundo que puede manifestarse incluso en el silencio, y a partir de ese encuentro \u00edntimo con Dios, la canci\u00f3n tom\u00f3 forma y se convirti\u00f3 en un himno de gratitud y comprensi\u00f3n del prop\u00f3sito divino.<\/p><p>Referencias B\u00edblicas:<br \/><span style=\"color: var( --e-global-color-text ); font-family: var( --e-global-typography-text-font-family ), Sans-serif; font-weight: var( --e-global-typography-text-font-weight ); text-align: var(--text-align);\">Juan 4:24: \u201cDios es esp\u00edritu, y quienes lo adoran deben hacerlo en esp\u00edritu y en verdad.\u201d<br \/><\/span><span style=\"color: var( --e-global-color-text ); font-family: var( --e-global-typography-text-font-family ), Sans-serif; font-weight: var( --e-global-typography-text-font-weight ); text-align: var(--text-align);\">Romanos 11:36: \u201cPorque todas las cosas proceden de \u00e9l, y existen por \u00e9l y para \u00e9l. \u00a1A \u00e9l sea la gloria por\u00a0<\/span><span style=\"color: var( --e-global-color-text ); font-family: var( --e-global-typography-text-font-family ), Sans-serif; font-weight: var( --e-global-typography-text-font-weight ); text-align: var(--text-align);\">siempre! Am\u00e9n.\u201d<br \/><\/span><span style=\"color: var( --e-global-color-text ); font-family: var( --e-global-typography-text-font-family ), Sans-serif; font-weight: var( --e-global-typography-text-font-weight ); text-align: var(--text-align);\">Efesios 1:4: \u201cDesde antes de crear el mundo Dios nos eligi\u00f3, por medio de Cristo, para que fu\u00e9ramos\u00a0<\/span><span style=\"color: var( --e-global-color-text ); font-family: var( --e-global-typography-text-font-family ), Sans-serif; font-weight: var( --e-global-typography-text-font-weight ); text-align: var(--text-align);\">solo de \u00e9l y vivi\u00e9ramos sin pecado.\u201d<br \/><\/span><span style=\"color: var( --e-global-color-text ); font-family: var( --e-global-typography-text-font-family ), Sans-serif; font-weight: var( --e-global-typography-text-font-weight ); text-align: var(--text-align);\">Isa\u00edas 25:1: \u201cSe\u00f1or, t\u00fa eres mi Dios; te exaltar\u00e9 y alabar\u00e9 tu nombre porque has hecho maravillas. Desde\u00a0<\/span><span style=\"color: var( --e-global-color-text ); font-family: var( --e-global-typography-text-font-family ), Sans-serif; font-weight: var( --e-global-typography-text-font-weight ); text-align: var(--text-align);\">tiempos antiguos tus planes son fieles y seguros.\u201d<br \/><\/span><span style=\"color: var( --e-global-color-text ); font-family: var( --e-global-typography-text-font-family ), Sans-serif; font-weight: var( --e-global-typography-text-font-weight ); text-align: var(--text-align);\">Videoclip Disponible en todas las plataformas digitales:<br \/><\/span><span style=\"color: var( --e-global-color-text ); font-family: var( --e-global-typography-text-font-family ), Sans-serif; font-weight: var( --e-global-typography-text-font-weight ); text-align: var(--text-align);\">El lanzamiento incluye un videoclip grabado en la ciudad de Barrancabermeja en la iglesia del CFA central,\u00a0<\/span><span style=\"color: var( --e-global-color-text ); font-family: var( --e-global-typography-text-font-family ), Sans-serif; font-weight: var( --e-global-typography-text-font-weight ); text-align: var(--text-align);\">por Xiomara Moya y m\u00e1s colaboradores, que estuvieron dispuestos a dar lo mejor de si para que este video\u00a0<\/span><span style=\"color: var( --e-global-color-text ); font-family: var( --e-global-typography-text-font-family ), Sans-serif; font-weight: var( --e-global-typography-text-font-weight ); text-align: var(--text-align);\">reflejara el verdadero mensaje de &#8216;Jes\u00fas Te Adoro&#8217;.<\/span><\/p><p>Plataformas Digitales:<br \/>FACEBOOK: @EBEDMusic<br \/>INSTAGRAM: @ministerio_ebed<br \/>YOUTUBE: @EBEDWorship<br \/>BOOKING: Diana Bar\u00f3n 3212085673<\/p><p><iframe title=\"Jes\u00fas te adoro - Ebed Worship (Videoclip Oficial)\" width=\"640\" height=\"360\" src=\"https:\/\/www.youtube.com\/embed\/-tw4htM656I?feature=oembed\" frameborder=\"0\" allow=\"accelerometer; autoplay; clipboard-write; encrypted-media; gyroscope; picture-in-picture; web-share\" referrerpolicy=\"strict-origin-when-cross-origin\" allowfullscreen><\/iframe><\/p>\t\t\t\t\t\t<\/div>\n\t\t\t\t<\/div>\n\t\t\t\t\t<\/div>\n\t\t\t\t<\/div>\n\t\t\t\t<\/div>\n\t\t","protected":false},"excerpt":{"rendered":"<p>El ministerio musical EBED WORSHIP conformada por Jairo Montesino (bajista, vocalista, arreglista musical y pre-producci\u00f3n), Elimelec Montesino (baterista, arreglista musical), Ismeray Montesino (vocalista), Zabdiel Montesino (vocalista,guitarrista, productor musical, film\u00f3grafo, editor de video y audio), y Stenfer (pianista, arreglista musical y pre-producci\u00f3n) presenta con gran emoci\u00f3n su m\u00e1s reciente sencillo titulado &#8216;Jes\u00fas Te Adoro&#8217;. Este ministerio [&hellip;]<\/p>\n","protected":false},"author":1,"featured_media":6216,"comment_status":"open","ping_status":"open","sticky":false,"template":"","format":"standard","meta":{"_monsterinsights_skip_tracking":false,"_monsterinsights_sitenote_active":false,"_monsterinsights_sitenote_note":"","_monsterinsights_sitenote_category":0,"footnotes":""},"categories":[1],"tags":[],"aioseo_notices":[],"_links":{"self":[{"href":"https:\/\/desafiomedios.com\/index.php?rest_route=\/wp\/v2\/posts\/6214"}],"collection":[{"href":"https:\/\/desafiomedios.com\/index.php?rest_route=\/wp\/v2\/posts"}],"about":[{"href":"https:\/\/desafiomedios.com\/index.php?rest_route=\/wp\/v2\/types\/post"}],"author":[{"embeddable":true,"href":"https:\/\/desafiomedios.com\/index.php?rest_route=\/wp\/v2\/users\/1"}],"replies":[{"embeddable":true,"href":"https:\/\/desafiomedios.com\/index.php?rest_route=%2Fwp%2Fv2%2Fcomments&post=6214"}],"version-history":[{"count":4,"href":"https:\/\/desafiomedios.com\/index.php?rest_route=\/wp\/v2\/posts\/6214\/revisions"}],"predecessor-version":[{"id":6219,"href":"https:\/\/desafiomedios.com\/index.php?rest_route=\/wp\/v2\/posts\/6214\/revisions\/6219"}],"wp:featuredmedia":[{"embeddable":true,"href":"https:\/\/desafiomedios.com\/index.php?rest_route=\/wp\/v2\/media\/6216"}],"wp:attachment":[{"href":"https:\/\/desafiomedios.com\/index.php?rest_route=%2Fwp%2Fv2%2Fmedia&parent=6214"}],"wp:term":[{"taxonomy":"category","embeddable":true,"href":"https:\/\/desafiomedios.com\/index.php?rest_route=%2Fwp%2Fv2%2Fcategories&post=6214"},{"taxonomy":"post_tag","embeddable":true,"href":"https:\/\/desafiomedios.com\/index.php?rest_route=%2Fwp%2Fv2%2Ftags&post=6214"}],"curies":[{"name":"wp","href":"https:\/\/api.w.org\/{rel}","templated":true}]}}