{"id":6220,"date":"2025-06-17T18:30:13","date_gmt":"2025-06-17T16:30:13","guid":{"rendered":"https:\/\/desafiomedios.com\/?p=6220"},"modified":"2025-06-17T18:33:17","modified_gmt":"2025-06-17T16:33:17","slug":"la-iglesia-cruzada-cristiana-celebra-50-anos-de-historia-con-un-gran-evento-evangelistico-en-el-parque-el-tunal","status":"publish","type":"post","link":"https:\/\/desafiomedios.com\/?p=6220","title":{"rendered":"LA IGLESIA CRUZADA CRISTIANA CELEBRA 50 A\u00d1OS DE HISTORIA CON UN GRAN EVENTO EVANGEL\u00cdSTICO EN EL PARQUE EL TUNAL"},"content":{"rendered":"\t\t<div data-elementor-type=\"wp-post\" data-elementor-id=\"6220\" class=\"elementor elementor-6220\">\n\t\t\t\t<div class=\"elementor-element elementor-element-b822f52 e-flex e-con-boxed e-con e-parent\" data-id=\"b822f52\" data-element_type=\"container\" data-settings=\"{&quot;content_width&quot;:&quot;boxed&quot;}\" data-core-v316-plus=\"true\">\n\t\t\t\t\t<div class=\"e-con-inner\">\n\t\t\t\t<div class=\"elementor-element elementor-element-6d2537c elementor-widget elementor-widget-text-editor\" data-id=\"6d2537c\" data-element_type=\"widget\" data-widget_type=\"text-editor.default\">\n\t\t\t\t<div class=\"elementor-widget-container\">\n\t\t\t<style>\/*! elementor - v3.19.0 - 29-01-2024 *\/\n.elementor-widget-text-editor.elementor-drop-cap-view-stacked .elementor-drop-cap{background-color:#69727d;color:#fff}.elementor-widget-text-editor.elementor-drop-cap-view-framed .elementor-drop-cap{color:#69727d;border:3px solid;background-color:transparent}.elementor-widget-text-editor:not(.elementor-drop-cap-view-default) .elementor-drop-cap{margin-top:8px}.elementor-widget-text-editor:not(.elementor-drop-cap-view-default) .elementor-drop-cap-letter{width:1em;height:1em}.elementor-widget-text-editor .elementor-drop-cap{float:left;text-align:center;line-height:1;font-size:50px}.elementor-widget-text-editor .elementor-drop-cap-letter{display:inline-block}<\/style>\t\t\t\t<p>Este a\u00f1o, la Iglesia Cruzada Cristiana conmemora cinco d\u00e9cadas de labor espiritual y social en Colombia. Fundada oficialmente en 1975, su historia se remonta al a\u00f1o 1933, cuando el misionero australiano Patricio Symes lleg\u00f3 al puerto de Buenaventura con la visi\u00f3n de llevar el mensaje de Jes\u00fas a cada rinc\u00f3n del pa\u00eds.<\/p><p>En el marco de esta celebraci\u00f3n hist\u00f3rica, se llevar\u00e1 a cabo la Convenci\u00f3n Internacional Cruzada Cristiana, los d\u00edas 26, 27, 28 y 29 de junio, con la participaci\u00f3n de reconocidos invitados internacionales como Robert Barriger (Iglesia Camino de Vida, Per\u00fa), Juan Cano (Espa\u00f1a) y Xavier Ferro (Argentina).<\/p><p>El gran cierre de esta convenci\u00f3n tendr\u00e1 lugar el domingo 29 de junio a las 2:00 p.m. en la Plazoleta de Eventos del Parque Metropolitano El Tunal, al sur de Bogot\u00e1. Este evento evangel\u00edstico ser\u00e1 un espacio de oraci\u00f3n por la naci\u00f3n, inspiraci\u00f3n, sanidad y milagros, con acceso libre y gratuito para todos los asistentes.<\/p><p>El invitado especial de esta jornada ser\u00e1 el evangelista Johan Toet, nacido en 1971 en La Haya, Pa\u00edses Bajos. Su impactante historia de transformaci\u00f3n, desde un pasado criminal hasta convertirse en fundador de la Fundaci\u00f3n One in Him, lo ha llevado a predicar el Evangelio con pasi\u00f3n y autoridad en distintas naciones.<\/p><p>Se espera una asistencia aproximada de 35.000 personas, en lo que ser\u00e1 una tarde inolvidable para la comunidad cristiana de Bogot\u00e1 y de todo el pa\u00eds.<\/p><p>\u00a1Toda la comunidad est\u00e1 cordialmente invitada a ser parte de este momento hist\u00f3rico y espiritual para Colombia!<\/p><p>Evento: Gran cierre evangel\u00edstico \u2013 Convenci\u00f3n Internacional Cruzada Cristiana<br \/><span style=\"color: var( --e-global-color-text ); font-family: var( --e-global-typography-text-font-family ), Sans-serif; font-weight: var( --e-global-typography-text-font-weight ); text-align: var(--text-align);\">Fecha: Domingo 29 de junio de 2025<br \/><\/span><span style=\"color: var( --e-global-color-text ); font-family: var( --e-global-typography-text-font-family ), Sans-serif; font-weight: var( --e-global-typography-text-font-weight ); text-align: var(--text-align);\">Hora: 2:00 p.m.<br \/><\/span><span style=\"color: var( --e-global-color-text ); font-family: var( --e-global-typography-text-font-family ), Sans-serif; font-weight: var( --e-global-typography-text-font-weight ); text-align: var(--text-align);\">Lugar: Plazoleta de Eventos, Parque Metropolitano El Tunal \u2013 Bogot\u00e1<\/span><\/p><p>Entrada libre<\/p><p>Redes Sociales:<\/p><p>Facebook: <a href=\"https:\/\/www.facebook.com\/iccregioncentralfedicce\">https:\/\/www.facebook.com\/iccregioncentralfedicce<\/a><br \/>Instagram: <a href=\"https:\/\/www.instagram.com\/iccregioncentralfedicce\/\">https:\/\/www.instagram.com\/iccregioncentralfedicce\/<\/a><br \/>YouTube: <a href=\"https:\/\/www.youtube.com\/@CruzadaCristianaOficial?sub_confirmation=1\">https:\/\/www.youtube.com\/@CruzadaCristianaOficial?sub_confirmation=1<\/a><br \/><span style=\"color: var( --e-global-color-text ); font-family: var( --e-global-typography-text-font-family ), Sans-serif; font-weight: var( --e-global-typography-text-font-weight ); text-align: var(--text-align);\">Web: <\/span><a style=\"font-family: var( --e-global-typography-text-font-family ), Sans-serif; font-weight: var( --e-global-typography-text-font-weight ); text-align: var(--text-align); background-color: #ffffff;\" href=\"https:\/\/iccregioncentral.com\/iglesias-icc\/\">https:\/\/iccregioncentral.com\/iglesias-icc\/<\/a><\/p><p>\u00a0<\/p>\t\t\t\t\t\t<\/div>\n\t\t\t\t<\/div>\n\t\t\t\t\t<\/div>\n\t\t\t\t<\/div>\n\t\t\t\t<\/div>\n\t\t","protected":false},"excerpt":{"rendered":"<p>Este a\u00f1o, la Iglesia Cruzada Cristiana conmemora cinco d\u00e9cadas de labor espiritual y social en Colombia. Fundada oficialmente en 1975, su historia se remonta al a\u00f1o 1933, cuando el misionero australiano Patricio Symes lleg\u00f3 al puerto de Buenaventura con la visi\u00f3n de llevar el mensaje de Jes\u00fas a cada rinc\u00f3n del pa\u00eds. En el marco [&hellip;]<\/p>\n","protected":false},"author":1,"featured_media":6222,"comment_status":"open","ping_status":"open","sticky":false,"template":"","format":"standard","meta":{"_monsterinsights_skip_tracking":false,"_monsterinsights_sitenote_active":false,"_monsterinsights_sitenote_note":"","_monsterinsights_sitenote_category":0,"footnotes":""},"categories":[1],"tags":[],"aioseo_notices":[],"_links":{"self":[{"href":"https:\/\/desafiomedios.com\/index.php?rest_route=\/wp\/v2\/posts\/6220"}],"collection":[{"href":"https:\/\/desafiomedios.com\/index.php?rest_route=\/wp\/v2\/posts"}],"about":[{"href":"https:\/\/desafiomedios.com\/index.php?rest_route=\/wp\/v2\/types\/post"}],"author":[{"embeddable":true,"href":"https:\/\/desafiomedios.com\/index.php?rest_route=\/wp\/v2\/users\/1"}],"replies":[{"embeddable":true,"href":"https:\/\/desafiomedios.com\/index.php?rest_route=%2Fwp%2Fv2%2Fcomments&post=6220"}],"version-history":[{"count":4,"href":"https:\/\/desafiomedios.com\/index.php?rest_route=\/wp\/v2\/posts\/6220\/revisions"}],"predecessor-version":[{"id":6225,"href":"https:\/\/desafiomedios.com\/index.php?rest_route=\/wp\/v2\/posts\/6220\/revisions\/6225"}],"wp:featuredmedia":[{"embeddable":true,"href":"https:\/\/desafiomedios.com\/index.php?rest_route=\/wp\/v2\/media\/6222"}],"wp:attachment":[{"href":"https:\/\/desafiomedios.com\/index.php?rest_route=%2Fwp%2Fv2%2Fmedia&parent=6220"}],"wp:term":[{"taxonomy":"category","embeddable":true,"href":"https:\/\/desafiomedios.com\/index.php?rest_route=%2Fwp%2Fv2%2Fcategories&post=6220"},{"taxonomy":"post_tag","embeddable":true,"href":"https:\/\/desafiomedios.com\/index.php?rest_route=%2Fwp%2Fv2%2Ftags&post=6220"}],"curies":[{"name":"wp","href":"https:\/\/api.w.org\/{rel}","templated":true}]}}