{"id":6293,"date":"2025-06-25T15:56:38","date_gmt":"2025-06-25T13:56:38","guid":{"rendered":"https:\/\/desafiomedios.com\/?p=6293"},"modified":"2025-06-25T15:57:04","modified_gmt":"2025-06-25T13:57:04","slug":"valerie-eileen-presenta-padre-nuestro-su-primer-sencillo-una-oracion-hecha-cancion","status":"publish","type":"post","link":"https:\/\/desafiomedios.com\/?p=6293","title":{"rendered":"Valerie Eileen presenta \u201cPadre Nuestro\u201d, su primer sencillo: una oraci\u00f3n hecha canci\u00f3n"},"content":{"rendered":"\t\t<div data-elementor-type=\"wp-post\" data-elementor-id=\"6293\" class=\"elementor elementor-6293\">\n\t\t\t\t<div class=\"elementor-element elementor-element-e69a0a6 e-flex e-con-boxed e-con e-parent\" data-id=\"e69a0a6\" data-element_type=\"container\" data-settings=\"{&quot;content_width&quot;:&quot;boxed&quot;}\" data-core-v316-plus=\"true\">\n\t\t\t\t\t<div class=\"e-con-inner\">\n\t\t\t\t<div class=\"elementor-element elementor-element-c7b5453 elementor-widget elementor-widget-text-editor\" data-id=\"c7b5453\" data-element_type=\"widget\" data-widget_type=\"text-editor.default\">\n\t\t\t\t<div class=\"elementor-widget-container\">\n\t\t\t<style>\/*! elementor - v3.19.0 - 29-01-2024 *\/\n.elementor-widget-text-editor.elementor-drop-cap-view-stacked .elementor-drop-cap{background-color:#69727d;color:#fff}.elementor-widget-text-editor.elementor-drop-cap-view-framed .elementor-drop-cap{color:#69727d;border:3px solid;background-color:transparent}.elementor-widget-text-editor:not(.elementor-drop-cap-view-default) .elementor-drop-cap{margin-top:8px}.elementor-widget-text-editor:not(.elementor-drop-cap-view-default) .elementor-drop-cap-letter{width:1em;height:1em}.elementor-widget-text-editor .elementor-drop-cap{float:left;text-align:center;line-height:1;font-size:50px}.elementor-widget-text-editor .elementor-drop-cap-letter{display:inline-block}<\/style>\t\t\t\t<p style=\"font-weight: 400;\">La cantante estadounidense\u00a0<strong>Valerie Eileen<\/strong>\u00a0lanza su primer sencillo titulado\u00a0<strong>\u201cPadre Nuestro\u201d,<\/strong>\u00a0una canci\u00f3n inspirada en\u00a0<em><strong>Mateo 6:9-13 que busca recordar a las nuevas generaciones el valor de la oraci\u00f3n y la cercan\u00eda de un Dios fiel y presente.<\/strong><\/em><\/p><p style=\"font-weight: 400;\">Este tema nace del anhelo de ense\u00f1ar que no estamos solos, que podemos acercarnos al Padre celestial tal como somos, y que incluso cuando no sabemos c\u00f3mo orar, podemos confiar en que \u00c9l nos escucha.\u00a0<strong>\u201cPadre Nuestro\u201d es una forma de rendir adoraci\u00f3n a Dios y cumplir con el prop\u00f3sito que Valerie siente en su coraz\u00f3n.<\/strong><\/p><p style=\"font-weight: 400;\">El videoclip fue grabado en San Agust\u00edn, Florida, la ciudad m\u00e1s antigua de Estados Unidos, con arquitectura e historia que evocan la espiritualidad de sus ra\u00edces.<\/p><p style=\"font-weight: 400;\">Con este lanzamiento,\u00a0<strong>Valerie Eileen<\/strong>\u00a0marca el inicio de su camino en la m\u00fasica con un mensaje profundo de fe, esperanza y conexi\u00f3n con Dios.<\/p><p style=\"font-weight: 400;\"><strong>\u201cPadre Nuestro\u201d\u00a0<\/strong>ya se encuentra \u00a0disponible en todas las plataformas digitales y en el canal de youtube.<\/p><p><strong>Valerie Eileen Fuentes\u00a0<\/strong>nacio en Maryland, Estados Unidos, desde los primeros d\u00edas de su vida, ha respirado adoraci\u00f3n. Nacida en un hogar cristiano de padres salvadore\u00f1os comprometidos con el ministerio de alabanza, la m\u00fasica y la fe fueron el lenguaje con el que creci\u00f3. Es la menor de cuatro hermanos, y desde muy peque\u00f1a sinti\u00f3 una profunda conexi\u00f3n con el worship y el deseo de seguir los pasos de sus padres como adoradores.<\/p><p>A los seis a\u00f1os, Valerie no solo cantaba, sino que tambi\u00e9n entreg\u00f3 su vida a Jes\u00fas como su Salvador personal. Desde entonces, su caminar con Dios ha sido firme, guiado por la Palabra y nutrido en un entorno de fe constante. Sus padres sembraron en ella el amor por la oraci\u00f3n, la adoraci\u00f3n y el servicio, y eso marc\u00f3 profundamente su ni\u00f1ez y adolescencia.<\/p><p>Su talento artistico floreci\u00f3 en la iglesia, donde comenz\u00f3 a participar en especiales y talent shows infantiles. Con el tiempo, sus referentes como\u00a0<em>Aline Barros, Gabriela Rocha, Alabastro y Averly Morillo<\/em>\u00a0alimentaron su pasi\u00f3n musical, mientras que su coraz\u00f3n segu\u00eda latiendo por un prop\u00f3sito m\u00e1s alto: ser portadora de la gloria de Dios y hablarle a su generaci\u00f3n sobre identidad, restauraci\u00f3n y amor divino.<\/p><p>A los 14 a\u00f1os, Valerie ya tiene logros importantes. Uno de los m\u00e1s destacados es haber ganado el segundo lugar en el Festival\u00a0<strong>&#8220;Buscando Adoradores para Cristo&#8221;<\/strong>, un hito que marc\u00f3 el inicio formal de su carrera como artista cristiana. Actualmente, se encuentra escribiendo su primer tema, el cual est\u00e1 en proceso de grabaci\u00f3n, y aprendiendo a tocar el piano, su instrumento favorito.<\/p><p><strong>Valerie<\/strong>\u00a0reconoce que no siempre es f\u00e1cil equilibrar su juventud con las responsabilidades del ministerio. Sin embargo, lo hace con madurez, entendiendo que Dios la ha llamado para este empo.\u00a0<em><strong>\u201cCometemos errores, pero tenemos un Dios que nos ama y nos levanta\u201d, expresa con humildad y sinceridad. El vers\u00edculo que la gu\u00eda es Juan 1:5: \u201cLa luz brilla en las tinieblas, y las tinieblas no la vencieron\u201d,<\/strong><\/em>\u00a0una promesa que ha hecho suya mientras se abre camino en el ministerio artistico.<\/p><p style=\"font-weight: 400;\"><strong>SOBRE LA PRODUCCI\u00d3N<\/strong><\/p><p><strong>Producci\u00f3n Ejecutiva:\u00a0<\/strong>Sky Music NY<br \/><strong style=\"color: var( --e-global-color-text ); font-family: var( --e-global-typography-text-font-family ), Sans-serif; text-align: var(--text-align);\">Video<\/strong><span style=\"color: var( --e-global-color-text ); font-family: var( --e-global-typography-text-font-family ), Sans-serif; text-align: var(--text-align);\"><b>:<\/b> CONTF<br \/><\/span><strong style=\"color: var( --e-global-color-text ); font-family: var( --e-global-typography-text-font-family ), Sans-serif; text-align: var(--text-align);\">Dise\u00f1o:<\/strong><span style=\"color: var( --e-global-color-text ); font-family: var( --e-global-typography-text-font-family ), Sans-serif; text-align: var(--text-align);\">\u00a0Luis Cont<br \/><\/span><strong style=\"color: var( --e-global-color-text ); font-family: var( --e-global-typography-text-font-family ), Sans-serif; text-align: var(--text-align);\">Escrita por:<\/strong><span style=\"color: var( --e-global-color-text ); font-family: var( --e-global-typography-text-font-family ), Sans-serif; text-align: var(--text-align);\"><span style=\"font-weight: var( --e-global-typography-text-font-weight );\">\u00a0Gloria Ventura<\/span><br \/><\/span><strong style=\"color: var( --e-global-color-text ); font-family: var( --e-global-typography-text-font-family ), Sans-serif; text-align: var(--text-align);\">Producci\u00f3n Musical:<br \/><\/strong><strong style=\"color: var( --e-global-color-text ); font-family: var( --e-global-typography-text-font-family ), Sans-serif; text-align: var(--text-align);\">Arreglos,Guitarras, Teclado:<\/strong><span style=\"color: var( --e-global-color-text ); font-family: var( --e-global-typography-text-font-family ), Sans-serif; text-align: var(--text-align);\">Danny Ventura<\/span><\/p><p><iframe title=\"Padre Nuestro - Valerie Eileen (Video Oficial)\" width=\"640\" height=\"360\" src=\"https:\/\/www.youtube.com\/embed\/2M3VUNQzqro?feature=oembed\" frameborder=\"0\" allow=\"accelerometer; autoplay; clipboard-write; encrypted-media; gyroscope; picture-in-picture; web-share\" referrerpolicy=\"strict-origin-when-cross-origin\" allowfullscreen><\/iframe><\/p>\t\t\t\t\t\t<\/div>\n\t\t\t\t<\/div>\n\t\t\t\t\t<\/div>\n\t\t\t\t<\/div>\n\t\t\t\t<\/div>\n\t\t","protected":false},"excerpt":{"rendered":"<p>La cantante estadounidense\u00a0Valerie Eileen\u00a0lanza su primer sencillo titulado\u00a0\u201cPadre Nuestro\u201d,\u00a0una canci\u00f3n inspirada en\u00a0Mateo 6:9-13 que busca recordar a las nuevas generaciones el valor de la oraci\u00f3n y la cercan\u00eda de un Dios fiel y presente. Este tema nace del anhelo de ense\u00f1ar que no estamos solos, que podemos acercarnos al Padre celestial tal como somos, y [&hellip;]<\/p>\n","protected":false},"author":1,"featured_media":6296,"comment_status":"open","ping_status":"open","sticky":false,"template":"","format":"standard","meta":{"_monsterinsights_skip_tracking":false,"_monsterinsights_sitenote_active":false,"_monsterinsights_sitenote_note":"","_monsterinsights_sitenote_category":0,"footnotes":""},"categories":[1],"tags":[],"aioseo_notices":[],"_links":{"self":[{"href":"https:\/\/desafiomedios.com\/index.php?rest_route=\/wp\/v2\/posts\/6293"}],"collection":[{"href":"https:\/\/desafiomedios.com\/index.php?rest_route=\/wp\/v2\/posts"}],"about":[{"href":"https:\/\/desafiomedios.com\/index.php?rest_route=\/wp\/v2\/types\/post"}],"author":[{"embeddable":true,"href":"https:\/\/desafiomedios.com\/index.php?rest_route=\/wp\/v2\/users\/1"}],"replies":[{"embeddable":true,"href":"https:\/\/desafiomedios.com\/index.php?rest_route=%2Fwp%2Fv2%2Fcomments&post=6293"}],"version-history":[{"count":4,"href":"https:\/\/desafiomedios.com\/index.php?rest_route=\/wp\/v2\/posts\/6293\/revisions"}],"predecessor-version":[{"id":6299,"href":"https:\/\/desafiomedios.com\/index.php?rest_route=\/wp\/v2\/posts\/6293\/revisions\/6299"}],"wp:featuredmedia":[{"embeddable":true,"href":"https:\/\/desafiomedios.com\/index.php?rest_route=\/wp\/v2\/media\/6296"}],"wp:attachment":[{"href":"https:\/\/desafiomedios.com\/index.php?rest_route=%2Fwp%2Fv2%2Fmedia&parent=6293"}],"wp:term":[{"taxonomy":"category","embeddable":true,"href":"https:\/\/desafiomedios.com\/index.php?rest_route=%2Fwp%2Fv2%2Fcategories&post=6293"},{"taxonomy":"post_tag","embeddable":true,"href":"https:\/\/desafiomedios.com\/index.php?rest_route=%2Fwp%2Fv2%2Ftags&post=6293"}],"curies":[{"name":"wp","href":"https:\/\/api.w.org\/{rel}","templated":true}]}}