{"id":6306,"date":"2025-06-25T16:25:52","date_gmt":"2025-06-25T14:25:52","guid":{"rendered":"https:\/\/desafiomedios.com\/?p=6306"},"modified":"2025-06-25T16:27:46","modified_gmt":"2025-06-25T14:27:46","slug":"del-vacio-a-la-plenitud-ricardo-becerra-presenta-su-transformacion-en-su-nueva-cancion-todo-para-mi","status":"publish","type":"post","link":"https:\/\/desafiomedios.com\/?p=6306","title":{"rendered":"DEL VAC\u00cdO A LA PLENITUD: \u201cRICARDO BECERRA\u201d PRESENTA SU TRANSFORMACI\u00d3N EN SU NUEVA CANCI\u00d3N \u201cTODO PARA M\u00cd\u201d"},"content":{"rendered":"\t\t<div data-elementor-type=\"wp-post\" data-elementor-id=\"6306\" class=\"elementor elementor-6306\">\n\t\t\t\t<div class=\"elementor-element elementor-element-46702f0 e-flex e-con-boxed e-con e-parent\" data-id=\"46702f0\" data-element_type=\"container\" data-settings=\"{&quot;content_width&quot;:&quot;boxed&quot;}\" data-core-v316-plus=\"true\">\n\t\t\t\t\t<div class=\"e-con-inner\">\n\t\t\t\t<div class=\"elementor-element elementor-element-5bc26f2 elementor-widget elementor-widget-text-editor\" data-id=\"5bc26f2\" data-element_type=\"widget\" data-widget_type=\"text-editor.default\">\n\t\t\t\t<div class=\"elementor-widget-container\">\n\t\t\t<style>\/*! elementor - v3.19.0 - 29-01-2024 *\/\n.elementor-widget-text-editor.elementor-drop-cap-view-stacked .elementor-drop-cap{background-color:#69727d;color:#fff}.elementor-widget-text-editor.elementor-drop-cap-view-framed .elementor-drop-cap{color:#69727d;border:3px solid;background-color:transparent}.elementor-widget-text-editor:not(.elementor-drop-cap-view-default) .elementor-drop-cap{margin-top:8px}.elementor-widget-text-editor:not(.elementor-drop-cap-view-default) .elementor-drop-cap-letter{width:1em;height:1em}.elementor-widget-text-editor .elementor-drop-cap{float:left;text-align:center;line-height:1;font-size:50px}.elementor-widget-text-editor .elementor-drop-cap-letter{display:inline-block}<\/style>\t\t\t\t<p>El cantautor colombiano Ricardo Becerra presenta \u201cTodo para m\u00ed\u201d, su m\u00e1s reciente sencillo, una mezcla fresca y emotiva de vallenato, pop latino y urbano, que estar\u00e1 disponible desde este viernes 20 de junio de 2025 en todas las plataformas digitales. La canci\u00f3n llega acompa\u00f1ada de un videoclip conmovedor que resalta el mensaje central del tema: dejar las apariencias y abrazar lo verdaderamente valioso de la vida.<\/p><p>\u201cPor mucho tiempo cre\u00ed que el dinero, el reconocimiento o las fiestas me llenar\u00edan\u2026 pero no fue as\u00ed. Hoy entiendo que el amor de Dios, una charla sincera, un abrazo real o una risa honesta con amigos son lo que realmente vale. Eso, sin ruido ni m\u00e1scaras, es todo para m\u00ed\u201d, afirma el artista.<\/p><p>\u201cTodo para m\u00ed\u201d fue producida por Sergio Lacouture en el estudio Puerto Sonoro, con el apoyo de los talentosos David Ca\u00f1as (acorde\u00f3n) y Jonathan Lacouture, quienes aportaron autenticidad y profundidad a los arreglos musicales. El resultado es un sonido fresco, actual y profundamente honesto que invita tanto a bailar como a reflexionar.<\/p><p>La inspiraci\u00f3n detr\u00e1s de la canci\u00f3n nace de un momento de quiebre personal. \u201cMe cans\u00e9 de vivir para agradar, de aparentar. Esta canci\u00f3n naci\u00f3 cuando decid\u00ed volver al orden de Dios, a lo simple, a lo verdadero. Y desde ah\u00ed, todo cobr\u00f3 sentido\u201d, cuenta Ricardo.<\/p><p>El videoclip oficial, disponible en YouTube, guarda una sorpresa especial: una escena aut\u00e9ntica que representa una experiencia vivida por el artista y que refleja la transformaci\u00f3n interna que hoy lo impulsa a hacer m\u00fasica con prop\u00f3sito. \u201cNo es solo actuaci\u00f3n. Lo que se ve ah\u00ed nos marc\u00f3 profundamente. Es amor real, es fe en acci\u00f3n\u201d, afirma.<\/p><p>Este lanzamiento llega despu\u00e9s de una serie de presentaciones en escenarios como Fiesta Celestial, Cristo Vive en M\u00ed (Valledupar) y el Local Fest en Bogot\u00e1, donde Becerra ha conectado con audiencias que valoran el arte con contenido espiritual y emocional. Con \u201cTodo para m\u00ed\u201d, inicia una nueva etapa que incluir\u00e1 pr\u00f3ximas presentaciones en eventos como en la iglesia Sendero de Paz y otros festivales nacionales, adem\u00e1s de participaciones en bodas, celebraciones y encuentros privados.<\/p><p>\u201cQueremos que esta canci\u00f3n suene en iglesias, en conciertos, en la radio y en la calle\u2026 donde Dios nos lleve. Que quien la escuche sienta descanso, libertad y verdad\u201d, concluye el artista. Adem\u00e1s, Ricardo ya trabaja en nuevos temas que mantendr\u00e1n esta l\u00ednea de m\u00fasica con prop\u00f3sito: sonidos modernos, letras profundas y el sello de autenticidad que lo caracteriza.<\/p><p>Para m\u00e1s informaci\u00f3n seguir las redes sociales del artista y para contacto de prensa comunicarse con la agencia GC Music Business.<\/p><p>Redes Sociales:<\/p><p>Facebook: <a href=\"https:\/\/www.facebook.com\/ricardo.becerra.12139\">https:\/\/www.facebook.com\/ricardo.becerra.12139<\/a><\/p><p>Instagram: <a href=\"https:\/\/www.instagram.com\/ricardobecerramusica\/\">https:\/\/www.instagram.com\/ricardobecerramusica\/<\/a><\/p><p>YouTube: <a href=\"https:\/\/www.youtube.com\/@ricardobecerramusica?sub_confirmation=1\">https:\/\/www.youtube.com\/@ricardobecerramusica?sub_confirmation=1<\/a><\/p><p>TikTok: <a href=\"https:\/\/www.tiktok.com\/@ricardobecerrah\">https:\/\/www.tiktok.com\/@ricardobecerrah<\/a><\/p><p><iframe title=\"Todo Para Mi - Ricardo Becerra\" width=\"640\" height=\"360\" src=\"https:\/\/www.youtube.com\/embed\/Jld43vS65ko?feature=oembed\" frameborder=\"0\" allow=\"accelerometer; autoplay; clipboard-write; encrypted-media; gyroscope; picture-in-picture; web-share\" referrerpolicy=\"strict-origin-when-cross-origin\" allowfullscreen><\/iframe><\/p>\t\t\t\t\t\t<\/div>\n\t\t\t\t<\/div>\n\t\t\t\t\t<\/div>\n\t\t\t\t<\/div>\n\t\t\t\t<\/div>\n\t\t","protected":false},"excerpt":{"rendered":"<p>El cantautor colombiano Ricardo Becerra presenta \u201cTodo para m\u00ed\u201d, su m\u00e1s reciente sencillo, una mezcla fresca y emotiva de vallenato, pop latino y urbano, que estar\u00e1 disponible desde este viernes 20 de junio de 2025 en todas las plataformas digitales. La canci\u00f3n llega acompa\u00f1ada de un videoclip conmovedor que resalta el mensaje central del tema: [&hellip;]<\/p>\n","protected":false},"author":1,"featured_media":6309,"comment_status":"open","ping_status":"open","sticky":false,"template":"","format":"standard","meta":{"_monsterinsights_skip_tracking":false,"_monsterinsights_sitenote_active":false,"_monsterinsights_sitenote_note":"","_monsterinsights_sitenote_category":0,"footnotes":""},"categories":[1],"tags":[],"aioseo_notices":[],"_links":{"self":[{"href":"https:\/\/desafiomedios.com\/index.php?rest_route=\/wp\/v2\/posts\/6306"}],"collection":[{"href":"https:\/\/desafiomedios.com\/index.php?rest_route=\/wp\/v2\/posts"}],"about":[{"href":"https:\/\/desafiomedios.com\/index.php?rest_route=\/wp\/v2\/types\/post"}],"author":[{"embeddable":true,"href":"https:\/\/desafiomedios.com\/index.php?rest_route=\/wp\/v2\/users\/1"}],"replies":[{"embeddable":true,"href":"https:\/\/desafiomedios.com\/index.php?rest_route=%2Fwp%2Fv2%2Fcomments&post=6306"}],"version-history":[{"count":4,"href":"https:\/\/desafiomedios.com\/index.php?rest_route=\/wp\/v2\/posts\/6306\/revisions"}],"predecessor-version":[{"id":6312,"href":"https:\/\/desafiomedios.com\/index.php?rest_route=\/wp\/v2\/posts\/6306\/revisions\/6312"}],"wp:featuredmedia":[{"embeddable":true,"href":"https:\/\/desafiomedios.com\/index.php?rest_route=\/wp\/v2\/media\/6309"}],"wp:attachment":[{"href":"https:\/\/desafiomedios.com\/index.php?rest_route=%2Fwp%2Fv2%2Fmedia&parent=6306"}],"wp:term":[{"taxonomy":"category","embeddable":true,"href":"https:\/\/desafiomedios.com\/index.php?rest_route=%2Fwp%2Fv2%2Fcategories&post=6306"},{"taxonomy":"post_tag","embeddable":true,"href":"https:\/\/desafiomedios.com\/index.php?rest_route=%2Fwp%2Fv2%2Ftags&post=6306"}],"curies":[{"name":"wp","href":"https:\/\/api.w.org\/{rel}","templated":true}]}}