{"id":6334,"date":"2025-07-02T17:56:18","date_gmt":"2025-07-02T15:56:18","guid":{"rendered":"https:\/\/desafiomedios.com\/?p=6334"},"modified":"2025-07-02T17:56:35","modified_gmt":"2025-07-02T15:56:35","slug":"dindi-quiles-estrena-nuevo-sencillo-musical-alumbrame","status":"publish","type":"post","link":"https:\/\/desafiomedios.com\/?p=6334","title":{"rendered":"DINDI QUILES ESTRENA  NUEVO SENCILLO MUSICAL: \u201cAL\u00daMBRAME\u201d"},"content":{"rendered":"\t\t<div data-elementor-type=\"wp-post\" data-elementor-id=\"6334\" class=\"elementor elementor-6334\">\n\t\t\t\t<div class=\"elementor-element elementor-element-f094f34 e-flex e-con-boxed e-con e-parent\" data-id=\"f094f34\" data-element_type=\"container\" data-settings=\"{&quot;content_width&quot;:&quot;boxed&quot;}\" data-core-v316-plus=\"true\">\n\t\t\t\t\t<div class=\"e-con-inner\">\n\t\t\t\t<div class=\"elementor-element elementor-element-51df267 elementor-widget elementor-widget-text-editor\" data-id=\"51df267\" data-element_type=\"widget\" data-widget_type=\"text-editor.default\">\n\t\t\t\t<div class=\"elementor-widget-container\">\n\t\t\t<style>\/*! elementor - v3.19.0 - 29-01-2024 *\/\n.elementor-widget-text-editor.elementor-drop-cap-view-stacked .elementor-drop-cap{background-color:#69727d;color:#fff}.elementor-widget-text-editor.elementor-drop-cap-view-framed .elementor-drop-cap{color:#69727d;border:3px solid;background-color:transparent}.elementor-widget-text-editor:not(.elementor-drop-cap-view-default) .elementor-drop-cap{margin-top:8px}.elementor-widget-text-editor:not(.elementor-drop-cap-view-default) .elementor-drop-cap-letter{width:1em;height:1em}.elementor-widget-text-editor .elementor-drop-cap{float:left;text-align:center;line-height:1;font-size:50px}.elementor-widget-text-editor .elementor-drop-cap-letter{display:inline-block}<\/style>\t\t\t\t<p>Un nuevo g\u00e9nero musical marca la llegada del verano para la cantautora y escritora puertorrique\u00f1a, Dindi Quiles con su nuevo sencillo musical titulado \u201cAl\u00fambrame\u201d. Es un tema de pop latino y bachata producido en Miami, Florida por el reconocido arreglista y productor Alean Imbert, en colaboraci\u00f3n musical de H\u00e9ctor V\u00e1zquez y George de Le\u00f3n, Jrr. Tambi\u00e9n cuenta con la particpacion de excelentes m\u00fasicos como Jos\u00e9 Gregorio Hern\u00e1ndez (percusi\u00f3n) e Iv\u00e1n Barrera (bajo), m\u00fasicos del reconocido cantante espa\u00f1ol, Franco de Vita, entre otros.<br \/>\u201cAl\u00fambrame es una carta de amor basada en mis oraciones a Dios para este tiempo, inspirada en varios salmos y el pasaje b\u00edblico de Hebreos 10:39 que dice: Pero nosotros no somos de los que retroceden para perdici\u00f3n, sino de los que tienen fe para la preservaci\u00f3n del alma\u201d, expres\u00f3 la cantante.<br \/>Luego de sus m\u00e1s recientes temas musicales \u201cFiesta\u201d (merengue), \u201cLlamado\u201d (vallenato) y \u201cOh T\u00fa, Mi Jes\u00fas\u201d (bachata), Dindi demuestra una vez m\u00e1s su versatilidad para la composici\u00f3n y el canto en \u00e9ste nuevo tema, demostrando a su vez su admiraci\u00f3n por exponentes del g\u00e9nero, como el reconocido y querid\u00edsimo cantante dominicano, Juan Luis Guerra. <br \/>\u201cDesde que comenc\u00e9 a ense\u00f1ar sobre la cultura hispanoamericana en mis clases de espa\u00f1ol, surgi\u00f3 un deseo genuino en mi coraz\u00f3n de llegar a gente de muchas culturas con el mensaje de salvaci\u00f3n. He sido muy intencional en mis proyectos y lo primero que hago es pedirle a Dios que me ayude a crear libros, canciones y mensajes que reflejen precisamente el coraz\u00f3n de Dios\u00a0<span style=\"color: var( --e-global-color-text ); font-family: var( --e-global-typography-text-font-family ), Sans-serif; font-weight: var( --e-global-typography-text-font-weight ); text-align: var(--text-align);\">de alcanzar a gente de toda naci\u00f3n que a\u00fan no le conoce con sus cuerdas\u00a0<\/span><span style=\"color: var( --e-global-color-text ); font-family: var( --e-global-typography-text-font-family ), Sans-serif; font-weight: var( --e-global-typography-text-font-weight ); text-align: var(--text-align);\">de amor.\u201d- Dindi Quiles<\/span><\/p><p>\u201cAl\u00fambrame\u201d, al igual que los dem\u00e1s temas musicales de Dindi Quiles, estar\u00e1 disponible en todas las plataformas digitales a partir del mes de julio del 2025.<br \/>Pr\u00f3ximamente, Dindi estar\u00e1 viajando a Puerto Rico durante todo el mes de julio para promocionar este tema y sus libros de literatura infantil titulados: \u201cBarriguitas de vieja para los \u00e1ngeles del cielo\u201d y \u201cNuestro club bajo el palo de mang\u00f3\u201d, cuentos culturales inspirados en sus recuerdos de infancia en la Isla.<\/p><p>https:\/\/www.youtube.com\/@dindiquiles5041\/videos<\/p>\t\t\t\t\t\t<\/div>\n\t\t\t\t<\/div>\n\t\t\t\t\t<\/div>\n\t\t\t\t<\/div>\n\t\t\t\t<\/div>\n\t\t","protected":false},"excerpt":{"rendered":"<p>Un nuevo g\u00e9nero musical marca la llegada del verano para la cantautora y escritora puertorrique\u00f1a, Dindi Quiles con su nuevo sencillo musical titulado \u201cAl\u00fambrame\u201d. Es un tema de pop latino y bachata producido en Miami, Florida por el reconocido arreglista y productor Alean Imbert, en colaboraci\u00f3n musical de H\u00e9ctor V\u00e1zquez y George de Le\u00f3n, Jrr. [&hellip;]<\/p>\n","protected":false},"author":1,"featured_media":6336,"comment_status":"open","ping_status":"open","sticky":false,"template":"","format":"standard","meta":{"_monsterinsights_skip_tracking":false,"_monsterinsights_sitenote_active":false,"_monsterinsights_sitenote_note":"","_monsterinsights_sitenote_category":0,"footnotes":""},"categories":[1],"tags":[],"aioseo_notices":[],"_links":{"self":[{"href":"https:\/\/desafiomedios.com\/index.php?rest_route=\/wp\/v2\/posts\/6334"}],"collection":[{"href":"https:\/\/desafiomedios.com\/index.php?rest_route=\/wp\/v2\/posts"}],"about":[{"href":"https:\/\/desafiomedios.com\/index.php?rest_route=\/wp\/v2\/types\/post"}],"author":[{"embeddable":true,"href":"https:\/\/desafiomedios.com\/index.php?rest_route=\/wp\/v2\/users\/1"}],"replies":[{"embeddable":true,"href":"https:\/\/desafiomedios.com\/index.php?rest_route=%2Fwp%2Fv2%2Fcomments&post=6334"}],"version-history":[{"count":4,"href":"https:\/\/desafiomedios.com\/index.php?rest_route=\/wp\/v2\/posts\/6334\/revisions"}],"predecessor-version":[{"id":6339,"href":"https:\/\/desafiomedios.com\/index.php?rest_route=\/wp\/v2\/posts\/6334\/revisions\/6339"}],"wp:featuredmedia":[{"embeddable":true,"href":"https:\/\/desafiomedios.com\/index.php?rest_route=\/wp\/v2\/media\/6336"}],"wp:attachment":[{"href":"https:\/\/desafiomedios.com\/index.php?rest_route=%2Fwp%2Fv2%2Fmedia&parent=6334"}],"wp:term":[{"taxonomy":"category","embeddable":true,"href":"https:\/\/desafiomedios.com\/index.php?rest_route=%2Fwp%2Fv2%2Fcategories&post=6334"},{"taxonomy":"post_tag","embeddable":true,"href":"https:\/\/desafiomedios.com\/index.php?rest_route=%2Fwp%2Fv2%2Ftags&post=6334"}],"curies":[{"name":"wp","href":"https:\/\/api.w.org\/{rel}","templated":true}]}}