{"id":6340,"date":"2025-07-02T18:05:38","date_gmt":"2025-07-02T16:05:38","guid":{"rendered":"https:\/\/desafiomedios.com\/?p=6340"},"modified":"2025-07-02T18:10:06","modified_gmt":"2025-07-02T16:10:06","slug":"sion-nacion-santa-lanza-su-nuevo-sencillo-ojala-junto-a-khenan-un-canto-de-generosidad-y-esperanza","status":"publish","type":"post","link":"https:\/\/desafiomedios.com\/?p=6340","title":{"rendered":"SION NACI\u00d3N SANTA LANZA SU NUEVO SENCILLO \u201cOJAL\u00c1\u201d JUNTO A KHENAN UN CANTO DE GENEROSIDAD Y ESPERANZA"},"content":{"rendered":"\t\t<div data-elementor-type=\"wp-post\" data-elementor-id=\"6340\" class=\"elementor elementor-6340\">\n\t\t\t\t<div class=\"elementor-element elementor-element-02c041e e-flex e-con-boxed e-con e-parent\" data-id=\"02c041e\" data-element_type=\"container\" data-settings=\"{&quot;content_width&quot;:&quot;boxed&quot;}\" data-core-v316-plus=\"true\">\n\t\t\t\t\t<div class=\"e-con-inner\">\n\t\t\t\t<div class=\"elementor-element elementor-element-82b7e58 elementor-widget elementor-widget-text-editor\" data-id=\"82b7e58\" data-element_type=\"widget\" data-widget_type=\"text-editor.default\">\n\t\t\t\t<div class=\"elementor-widget-container\">\n\t\t\t<style>\/*! elementor - v3.19.0 - 29-01-2024 *\/\n.elementor-widget-text-editor.elementor-drop-cap-view-stacked .elementor-drop-cap{background-color:#69727d;color:#fff}.elementor-widget-text-editor.elementor-drop-cap-view-framed .elementor-drop-cap{color:#69727d;border:3px solid;background-color:transparent}.elementor-widget-text-editor:not(.elementor-drop-cap-view-default) .elementor-drop-cap{margin-top:8px}.elementor-widget-text-editor:not(.elementor-drop-cap-view-default) .elementor-drop-cap-letter{width:1em;height:1em}.elementor-widget-text-editor .elementor-drop-cap{float:left;text-align:center;line-height:1;font-size:50px}.elementor-widget-text-editor .elementor-drop-cap-letter{display:inline-block}<\/style>\t\t\t\t<p>El colectivo musical Sion Naci\u00f3n Santa, reconocido por su mensaje cristoc\u00e9ntrico y su fusi\u00f3n de sonidos caribe\u00f1os, lanza hoy 20 de junio su m\u00e1s reciente sencillo titulado \u201cOjal\u00e1\u201d, una colaboraci\u00f3n vibrante con el talentoso artista barranquillero Khenan.<\/p><p>\u201cOjal\u00e1\u201d no es solo una canci\u00f3n, es un llamado. Un llamado a mirar al pr\u00f3jimo con compasi\u00f3n, a extender la mano, a compartir lo que se tiene, y a recordar que toda semilla de amor y generosidad trae consigo una cosecha de bendici\u00f3n. En tiempos donde la indiferencia parece normalizada, Sion Naci\u00f3n Santa y Khenan unen sus voces para recordarnos que hay poder en dar.<\/p><p>Musicalmente \u201cOjal\u00e1\u201d combina ritmos del Caribe Colombiano con tintes contempor\u00e1neos del afrobeat y el pop urbano, logrando un sonido fresco y contagioso que invita a bailar, reflexionar y actuar. La letra conmueve desde los primeros versos, conectando con las realidades de la calle, las esquinas y los corazones que claman por amor y justicia.<\/p><p>\u201cOjal\u00e1 Dios me bendiga pa \u0301 darle al que necesite y Ojal\u00e1 Dios m\u00edo quiero estar bendecido, Pa darle a to \u0301 los m\u00edos\u201d, canta el coro con fuerza y dulzura.<\/p><p>Khenan, con su voz c\u00e1lida y poderosa, aporta una autenticidad \u00fanica al tema, reforzando el puente entre el mensaje cristiano y la realidad social de muchos j\u00f3venes barranquilleros. Este lanzamiento marca un nuevo paso en la misi\u00f3n de Sion Naci\u00f3n Santa: llevar un mensaje de fe, unidad y transformaci\u00f3n social a trav\u00e9s de la m\u00fasica.<\/p><p>\u201cOjal\u00e1\u201d ya se encuentra disponible en todas las plataformas digitales. El videoclip oficial, grabado en escenarios urbanos de Barranquilla, tambien se encuentra disponible en su canal de YouTube.<\/p><p><iframe title=\"Ojal\u00e1 - Sion Naci\u00f3n Santa X @KhenanMusic  (Video Oficial)\" width=\"640\" height=\"360\" src=\"https:\/\/www.youtube.com\/embed\/IHLRBOSadkk?feature=oembed\" frameborder=\"0\" allow=\"accelerometer; autoplay; clipboard-write; encrypted-media; gyroscope; picture-in-picture; web-share\" referrerpolicy=\"strict-origin-when-cross-origin\" allowfullscreen><\/iframe><\/p>\t\t\t\t\t\t<\/div>\n\t\t\t\t<\/div>\n\t\t\t\t\t<\/div>\n\t\t\t\t<\/div>\n\t\t\t\t<\/div>\n\t\t","protected":false},"excerpt":{"rendered":"<p>El colectivo musical Sion Naci\u00f3n Santa, reconocido por su mensaje cristoc\u00e9ntrico y su fusi\u00f3n de sonidos caribe\u00f1os, lanza hoy 20 de junio su m\u00e1s reciente sencillo titulado \u201cOjal\u00e1\u201d, una colaboraci\u00f3n vibrante con el talentoso artista barranquillero Khenan. \u201cOjal\u00e1\u201d no es solo una canci\u00f3n, es un llamado. Un llamado a mirar al pr\u00f3jimo con compasi\u00f3n, a [&hellip;]<\/p>\n","protected":false},"author":1,"featured_media":6342,"comment_status":"open","ping_status":"open","sticky":false,"template":"","format":"standard","meta":{"_monsterinsights_skip_tracking":false,"_monsterinsights_sitenote_active":false,"_monsterinsights_sitenote_note":"","_monsterinsights_sitenote_category":0,"footnotes":""},"categories":[1],"tags":[],"aioseo_notices":[],"_links":{"self":[{"href":"https:\/\/desafiomedios.com\/index.php?rest_route=\/wp\/v2\/posts\/6340"}],"collection":[{"href":"https:\/\/desafiomedios.com\/index.php?rest_route=\/wp\/v2\/posts"}],"about":[{"href":"https:\/\/desafiomedios.com\/index.php?rest_route=\/wp\/v2\/types\/post"}],"author":[{"embeddable":true,"href":"https:\/\/desafiomedios.com\/index.php?rest_route=\/wp\/v2\/users\/1"}],"replies":[{"embeddable":true,"href":"https:\/\/desafiomedios.com\/index.php?rest_route=%2Fwp%2Fv2%2Fcomments&post=6340"}],"version-history":[{"count":4,"href":"https:\/\/desafiomedios.com\/index.php?rest_route=\/wp\/v2\/posts\/6340\/revisions"}],"predecessor-version":[{"id":6345,"href":"https:\/\/desafiomedios.com\/index.php?rest_route=\/wp\/v2\/posts\/6340\/revisions\/6345"}],"wp:featuredmedia":[{"embeddable":true,"href":"https:\/\/desafiomedios.com\/index.php?rest_route=\/wp\/v2\/media\/6342"}],"wp:attachment":[{"href":"https:\/\/desafiomedios.com\/index.php?rest_route=%2Fwp%2Fv2%2Fmedia&parent=6340"}],"wp:term":[{"taxonomy":"category","embeddable":true,"href":"https:\/\/desafiomedios.com\/index.php?rest_route=%2Fwp%2Fv2%2Fcategories&post=6340"},{"taxonomy":"post_tag","embeddable":true,"href":"https:\/\/desafiomedios.com\/index.php?rest_route=%2Fwp%2Fv2%2Ftags&post=6340"}],"curies":[{"name":"wp","href":"https:\/\/api.w.org\/{rel}","templated":true}]}}