{"id":6352,"date":"2025-07-02T18:24:55","date_gmt":"2025-07-02T16:24:55","guid":{"rendered":"https:\/\/desafiomedios.com\/?p=6352"},"modified":"2025-07-02T18:27:28","modified_gmt":"2025-07-02T16:27:28","slug":"yelitza-cintron-presenta-alegria-me-das","status":"publish","type":"post","link":"https:\/\/desafiomedios.com\/?p=6352","title":{"rendered":"Yelitza Cintron presenta: &#8220;Alegr\u00eda Me Das&#8221;"},"content":{"rendered":"\t\t<div data-elementor-type=\"wp-post\" data-elementor-id=\"6352\" class=\"elementor elementor-6352\">\n\t\t\t\t<div class=\"elementor-element elementor-element-b6eea99 e-flex e-con-boxed e-con e-parent\" data-id=\"b6eea99\" data-element_type=\"container\" data-settings=\"{&quot;content_width&quot;:&quot;boxed&quot;}\" data-core-v316-plus=\"true\">\n\t\t\t\t\t<div class=\"e-con-inner\">\n\t\t\t\t<div class=\"elementor-element elementor-element-1c19309 elementor-widget elementor-widget-text-editor\" data-id=\"1c19309\" data-element_type=\"widget\" data-widget_type=\"text-editor.default\">\n\t\t\t\t<div class=\"elementor-widget-container\">\n\t\t\t<style>\/*! elementor - v3.19.0 - 29-01-2024 *\/\n.elementor-widget-text-editor.elementor-drop-cap-view-stacked .elementor-drop-cap{background-color:#69727d;color:#fff}.elementor-widget-text-editor.elementor-drop-cap-view-framed .elementor-drop-cap{color:#69727d;border:3px solid;background-color:transparent}.elementor-widget-text-editor:not(.elementor-drop-cap-view-default) .elementor-drop-cap{margin-top:8px}.elementor-widget-text-editor:not(.elementor-drop-cap-view-default) .elementor-drop-cap-letter{width:1em;height:1em}.elementor-widget-text-editor .elementor-drop-cap{float:left;text-align:center;line-height:1;font-size:50px}.elementor-widget-text-editor .elementor-drop-cap-letter{display:inline-block}<\/style>\t\t\t\t<p><strong><em>&#8220;Alegr\u00eda Me Das&#8221;<\/em><\/strong>\u00a0es un canto que nace para recordarnos que no hay por qu\u00e9 temer, a pesar de las tormentas de la vida, pues cuando todo se mueve a nuestro alrededor, Dios sigue siendo esa torre inconmovible donde podemos refugiarnos.<\/p><p dir=\"ltr\">Desde el primer verso hasta la \u00faltima estrofa, esta canci\u00f3n est\u00e1 pensada para avivar la fe y fortalecer el alma de quienes buscan esperanza y descanso en Dios.<\/p><p dir=\"ltr\">El v\u00ednculo de Yelitza Cintr\u00f3n con esta canci\u00f3n no es reciente. Hace m\u00e1s de dos d\u00e9cadas, junto a la banda Del Cordero en Puerto Rico, grab\u00f3 por primera vez este tema luego de escucharlo en la radio. Aquella versi\u00f3n marc\u00f3 un antes y un despu\u00e9s en su ministerio, impuls\u00e1ndola a realizar su primera gira internacional.<\/p><p dir=\"ltr\">Ahora, en 2023, Yelitza revive este canto en una grabaci\u00f3n en vivo realizada en Manat\u00ed, Puerto Rico. La producci\u00f3n musical y audiovisual estuvo a cargo de Luis Antonio, mientras que la mezcla y masterizaci\u00f3n fueron realizadas por Tim Anzualda desde Texas, Estados Unidos.<\/p><p>\u201cDios es un Dios generacional&#8230; No falla. Es el mismo ayer, hoy y siempre. Sin importar las temporadas, \u00c9l permanece fiel y podemos confiar plenamente en su amor\u201d. &#8211; Expresa Yelitza.<br \/>Yelitza Cintr\u00f3n es una adoradora, pastora y cantautora puertorrique\u00f1a con m\u00e1s de 25 a\u00f1os de trayectoria en la m\u00fasica. Durante 13 a\u00f1os, fue la voz principal de la influyente banda de rock alternativo Sue\u00f1o de Hormiga, dejando una huella en la m\u00fasica cristiana en Puerto Rico.<\/p><p>Desde hace m\u00e1s de cinco a\u00f1os, ha desarrollado su carrera como solista, consolid\u00e1ndose como un referente dentro de la m\u00fasica cristiana, gracias a su estilo musical aut\u00e9ntico.<\/p><p>Junto a su esposo, Luis Antonio, lidera el ministerio de adoraci\u00f3n global de su iglesia y fund\u00f3 Worship Collective, una plataforma para formar nuevas generaciones de adoradores. Adem\u00e1s de su faceta musical, es empresaria y fundadora de corpid+, agencia de marketing digital especializada en branding y contenido.<\/p><p>Con una s\u00f3lida formaci\u00f3n acad\u00e9mica en Comunicaciones y Mercadeo Digital, Yelitza se ha convertido en una voz relevante dentro del movimiento de adoraci\u00f3n en Puerto Rico y Latinoam\u00e9rica, destacando por su genuinidad, humildad y pasi\u00f3n por la presencia de Dios.<\/p><p>&#8220;Alegr\u00eda Me Das&#8221; estar\u00e1 disponible a partir del viernes 27 de junio en todas las plataformas digitales, incluyendo Spotify, Apple Music, Amazon Music, Deezer y Soundcloud, entre otras.<\/p><p><iframe title=\"ALEGR\u00cdA ME DAS- YELITZA CINTRON- DEL CORDERO (VIDEO OFICIAL)\" width=\"640\" height=\"360\" src=\"https:\/\/www.youtube.com\/embed\/qX-pqH6iap4?feature=oembed\" frameborder=\"0\" allow=\"accelerometer; autoplay; clipboard-write; encrypted-media; gyroscope; picture-in-picture; web-share\" referrerpolicy=\"strict-origin-when-cross-origin\" allowfullscreen><\/iframe><\/p>\t\t\t\t\t\t<\/div>\n\t\t\t\t<\/div>\n\t\t\t\t\t<\/div>\n\t\t\t\t<\/div>\n\t\t\t\t<\/div>\n\t\t","protected":false},"excerpt":{"rendered":"<p>&#8220;Alegr\u00eda Me Das&#8221;\u00a0es un canto que nace para recordarnos que no hay por qu\u00e9 temer, a pesar de las tormentas de la vida, pues cuando todo se mueve a nuestro alrededor, Dios sigue siendo esa torre inconmovible donde podemos refugiarnos. Desde el primer verso hasta la \u00faltima estrofa, esta canci\u00f3n est\u00e1 pensada para avivar la [&hellip;]<\/p>\n","protected":false},"author":1,"featured_media":6355,"comment_status":"open","ping_status":"open","sticky":false,"template":"","format":"standard","meta":{"_monsterinsights_skip_tracking":false,"_monsterinsights_sitenote_active":false,"_monsterinsights_sitenote_note":"","_monsterinsights_sitenote_category":0,"footnotes":""},"categories":[1],"tags":[],"aioseo_notices":[],"_links":{"self":[{"href":"https:\/\/desafiomedios.com\/index.php?rest_route=\/wp\/v2\/posts\/6352"}],"collection":[{"href":"https:\/\/desafiomedios.com\/index.php?rest_route=\/wp\/v2\/posts"}],"about":[{"href":"https:\/\/desafiomedios.com\/index.php?rest_route=\/wp\/v2\/types\/post"}],"author":[{"embeddable":true,"href":"https:\/\/desafiomedios.com\/index.php?rest_route=\/wp\/v2\/users\/1"}],"replies":[{"embeddable":true,"href":"https:\/\/desafiomedios.com\/index.php?rest_route=%2Fwp%2Fv2%2Fcomments&post=6352"}],"version-history":[{"count":4,"href":"https:\/\/desafiomedios.com\/index.php?rest_route=\/wp\/v2\/posts\/6352\/revisions"}],"predecessor-version":[{"id":6358,"href":"https:\/\/desafiomedios.com\/index.php?rest_route=\/wp\/v2\/posts\/6352\/revisions\/6358"}],"wp:featuredmedia":[{"embeddable":true,"href":"https:\/\/desafiomedios.com\/index.php?rest_route=\/wp\/v2\/media\/6355"}],"wp:attachment":[{"href":"https:\/\/desafiomedios.com\/index.php?rest_route=%2Fwp%2Fv2%2Fmedia&parent=6352"}],"wp:term":[{"taxonomy":"category","embeddable":true,"href":"https:\/\/desafiomedios.com\/index.php?rest_route=%2Fwp%2Fv2%2Fcategories&post=6352"},{"taxonomy":"post_tag","embeddable":true,"href":"https:\/\/desafiomedios.com\/index.php?rest_route=%2Fwp%2Fv2%2Ftags&post=6352"}],"curies":[{"name":"wp","href":"https:\/\/api.w.org\/{rel}","templated":true}]}}