{"id":6371,"date":"2025-07-02T18:54:00","date_gmt":"2025-07-02T16:54:00","guid":{"rendered":"https:\/\/desafiomedios.com\/?p=6371"},"modified":"2025-07-02T18:56:16","modified_gmt":"2025-07-02T16:56:16","slug":"juan-carlos-ramirez-lanza-deuda-impagable-un-canto-vallenato-de-gratitud-y-fe","status":"publish","type":"post","link":"https:\/\/desafiomedios.com\/?p=6371","title":{"rendered":"JUAN CARLOS RAM\u00cdREZ LANZA &#8220;DEUDA IMPAGABLE&#8221;: UN CANTO VALLENATO DE GRATITUD Y FE"},"content":{"rendered":"\t\t<div data-elementor-type=\"wp-post\" data-elementor-id=\"6371\" class=\"elementor elementor-6371\">\n\t\t\t\t<div class=\"elementor-element elementor-element-1c7715d e-flex e-con-boxed e-con e-parent\" data-id=\"1c7715d\" data-element_type=\"container\" data-settings=\"{&quot;content_width&quot;:&quot;boxed&quot;}\" data-core-v316-plus=\"true\">\n\t\t\t\t\t<div class=\"e-con-inner\">\n\t\t\t\t<div class=\"elementor-element elementor-element-64bf558 elementor-widget elementor-widget-text-editor\" data-id=\"64bf558\" data-element_type=\"widget\" data-widget_type=\"text-editor.default\">\n\t\t\t\t<div class=\"elementor-widget-container\">\n\t\t\t<style>\/*! elementor - v3.19.0 - 29-01-2024 *\/\n.elementor-widget-text-editor.elementor-drop-cap-view-stacked .elementor-drop-cap{background-color:#69727d;color:#fff}.elementor-widget-text-editor.elementor-drop-cap-view-framed .elementor-drop-cap{color:#69727d;border:3px solid;background-color:transparent}.elementor-widget-text-editor:not(.elementor-drop-cap-view-default) .elementor-drop-cap{margin-top:8px}.elementor-widget-text-editor:not(.elementor-drop-cap-view-default) .elementor-drop-cap-letter{width:1em;height:1em}.elementor-widget-text-editor .elementor-drop-cap{float:left;text-align:center;line-height:1;font-size:50px}.elementor-widget-text-editor .elementor-drop-cap-letter{display:inline-block}<\/style>\t\t\t\t<p>El cantautor Juan Carlos Ram\u00edrez presenta su m\u00e1s reciente sencillo titulado &#8220;Deuda Impagable&#8221;<strong>, <\/strong>una producci\u00f3n que fusiona el estilo vallenato con matices modernos y espirituales, reafirmando su compromiso de llevar el mensaje del evangelio de Jesucristo a trav\u00e9s de la m\u00fasica.<\/p><p>Este lanzamiento representa un paso significativo en su carrera, consolidando su prop\u00f3sito de impactar vidas con letras profundas y sonidos frescos. &#8220;Este proyecto es un paso para seguir avanzando en esta bella labor de llevar el evangelio de Jesucristo a trav\u00e9s de la m\u00fasica&#8221;, afirma Juan Carlos.<\/p><p>Compuesta por el pastor Wilber Mendoza del ministerio <em>Los Hijos del Rey<\/em>, &#8220;Deuda Impagable&#8221; es una reflexi\u00f3n sobre la gratitud y el sacrificio de Jes\u00fas. \u201cLa ingratitud reina en nuestra sociedad y definitivamente tenemos una deuda impagable con aquel que entreg\u00f3 su vida por amor\u201d, expresa el artista. La canci\u00f3n invita a recordar que aunque la salvaci\u00f3n es gratuita para nosotros, tuvo un alto precio: la sangre de Cristo.<\/p><p>La producci\u00f3n estuvo a cargo de Harold Santana<strong> y <\/strong>Robert Bayona<strong>,<\/strong> quienes lograron capturar la esencia emocional de la letra con arreglos musicales a la altura del mensaje. Adem\u00e1s, el reconocido cantante y productor Luis Fabi\u00e1n Pe\u00f1a particip\u00f3 como director de voces, aportando su sensibilidad art\u00edstica y experiencia al proyecto.<\/p><p>El lanzamiento incluye un videoclip oficial que presenta dos realidades contrastantes: quien lo tiene todo pero no valora los peque\u00f1os momentos, y quien tiene poco, pero es agradecido por cada bendici\u00f3n. Esta narrativa visual resalta la importancia de reconocer el amor y la gracia de Dios en la vida cotidiana. \u201cDeuda Impagable\u201d es una invitaci\u00f3n a la reflexi\u00f3n y a la conexi\u00f3n espiritual, especialmente relevante en tiempos donde la esperanza y la fe son m\u00e1s necesarias que nunca.<\/p><p>Juan Carlos Ram\u00edrez se prepara para llevar este mensaje a escenarios internacionales, con una gira programada en las pr\u00f3ximas semanas por Estados Unidos<strong>.<\/strong><br \/>Con esta producci\u00f3n, el artista contin\u00faa construyendo su ministerio musical evangel\u00edstico. &#8220;Queremos seguir dando de aquello que hemos recibido por gracia&#8221;, se\u00f1ala. &#8220;Nuestro mayor anhelo es que este mensaje de fe quede sembrado en cada vida que lo escuche&#8221;.<\/p><p>Este lanzamiento est\u00e1 disponible a partir del viernes 27 de junio de 2025, en todas las plataformas digitales y el video en su canal de YouTube. Para m\u00e1s informaci\u00f3n seguir las redes sociales del artista y para contacto de prensa comunicarse con la agencia GC Music Business.<\/p><p>Redes Sociales:<\/p><p>Facebook: <a href=\"https:\/\/web.facebook.com\/people\/Juan-Carlos-Ramirez\/100072112116006\/\">https:\/\/web.facebook.com\/people\/Juan-Carlos-Ramirez\/100072112116006\/<\/a><\/p><p>Instagram: <a href=\"https:\/\/www.instagram.com\/juancarlosramirezoficial\/\">https:\/\/www.instagram.com\/juancarlosramirezoficial\/<\/a><\/p><p>YouTube: <a href=\"https:\/\/www.youtube.com\/@juancarlosramirezoficial\">https:\/\/www.youtube.com\/@juancarlosramirezoficial<\/a><\/p><p>Spotify: <a href=\"https:\/\/open.spotify.com\/intl-es\/artist\/2pYfs7Pux6JNbiFPowp8N3\">https:\/\/open.spotify.com\/intl-es\/artist\/2pYfs7Pux6JNbiFPowp8N3<\/a><\/p><p><iframe title=\"Deuda Impagable - Juan Carlos Ramirez - (Video Oficial)\" width=\"640\" height=\"360\" src=\"https:\/\/www.youtube.com\/embed\/kxmD7ouV3Cs?feature=oembed\" frameborder=\"0\" allow=\"accelerometer; autoplay; clipboard-write; encrypted-media; gyroscope; picture-in-picture; web-share\" referrerpolicy=\"strict-origin-when-cross-origin\" allowfullscreen><\/iframe><\/p>\t\t\t\t\t\t<\/div>\n\t\t\t\t<\/div>\n\t\t\t\t\t<\/div>\n\t\t\t\t<\/div>\n\t\t\t\t<\/div>\n\t\t","protected":false},"excerpt":{"rendered":"<p>El cantautor Juan Carlos Ram\u00edrez presenta su m\u00e1s reciente sencillo titulado &#8220;Deuda Impagable&#8221;, una producci\u00f3n que fusiona el estilo vallenato con matices modernos y espirituales, reafirmando su compromiso de llevar el mensaje del evangelio de Jesucristo a trav\u00e9s de la m\u00fasica. Este lanzamiento representa un paso significativo en su carrera, consolidando su prop\u00f3sito de impactar [&hellip;]<\/p>\n","protected":false},"author":1,"featured_media":6373,"comment_status":"open","ping_status":"open","sticky":false,"template":"","format":"standard","meta":{"_monsterinsights_skip_tracking":false,"_monsterinsights_sitenote_active":false,"_monsterinsights_sitenote_note":"","_monsterinsights_sitenote_category":0,"footnotes":""},"categories":[1],"tags":[],"aioseo_notices":[],"_links":{"self":[{"href":"https:\/\/desafiomedios.com\/index.php?rest_route=\/wp\/v2\/posts\/6371"}],"collection":[{"href":"https:\/\/desafiomedios.com\/index.php?rest_route=\/wp\/v2\/posts"}],"about":[{"href":"https:\/\/desafiomedios.com\/index.php?rest_route=\/wp\/v2\/types\/post"}],"author":[{"embeddable":true,"href":"https:\/\/desafiomedios.com\/index.php?rest_route=\/wp\/v2\/users\/1"}],"replies":[{"embeddable":true,"href":"https:\/\/desafiomedios.com\/index.php?rest_route=%2Fwp%2Fv2%2Fcomments&post=6371"}],"version-history":[{"count":4,"href":"https:\/\/desafiomedios.com\/index.php?rest_route=\/wp\/v2\/posts\/6371\/revisions"}],"predecessor-version":[{"id":6376,"href":"https:\/\/desafiomedios.com\/index.php?rest_route=\/wp\/v2\/posts\/6371\/revisions\/6376"}],"wp:featuredmedia":[{"embeddable":true,"href":"https:\/\/desafiomedios.com\/index.php?rest_route=\/wp\/v2\/media\/6373"}],"wp:attachment":[{"href":"https:\/\/desafiomedios.com\/index.php?rest_route=%2Fwp%2Fv2%2Fmedia&parent=6371"}],"wp:term":[{"taxonomy":"category","embeddable":true,"href":"https:\/\/desafiomedios.com\/index.php?rest_route=%2Fwp%2Fv2%2Fcategories&post=6371"},{"taxonomy":"post_tag","embeddable":true,"href":"https:\/\/desafiomedios.com\/index.php?rest_route=%2Fwp%2Fv2%2Ftags&post=6371"}],"curies":[{"name":"wp","href":"https:\/\/api.w.org\/{rel}","templated":true}]}}