{"id":6377,"date":"2025-07-02T20:39:48","date_gmt":"2025-07-02T18:39:48","guid":{"rendered":"https:\/\/desafiomedios.com\/?p=6377"},"modified":"2025-07-02T20:40:51","modified_gmt":"2025-07-02T18:40:51","slug":"tu-voz-en-mi-voz-un-susurro-de-esperanza-en-medio-del-dolor-lo-nuevo-de-kev-miranda","status":"publish","type":"post","link":"https:\/\/desafiomedios.com\/?p=6377","title":{"rendered":"&#8220;TU VOZ EN MI VOZ&#8221; \u2014 UN SUSURRO DE ESPERANZA EN MEDIO DEL DOLOR, LO NUEVO DE KEV MIRANDA"},"content":{"rendered":"\t\t<div data-elementor-type=\"wp-post\" data-elementor-id=\"6377\" class=\"elementor elementor-6377\">\n\t\t\t\t<div class=\"elementor-element elementor-element-2e43d9d e-flex e-con-boxed e-con e-parent\" data-id=\"2e43d9d\" data-element_type=\"container\" data-settings=\"{&quot;content_width&quot;:&quot;boxed&quot;}\" data-core-v316-plus=\"true\">\n\t\t\t\t\t<div class=\"e-con-inner\">\n\t\t\t\t<div class=\"elementor-element elementor-element-e620ef9 elementor-widget elementor-widget-text-editor\" data-id=\"e620ef9\" data-element_type=\"widget\" data-widget_type=\"text-editor.default\">\n\t\t\t\t<div class=\"elementor-widget-container\">\n\t\t\t<style>\/*! elementor - v3.19.0 - 29-01-2024 *\/\n.elementor-widget-text-editor.elementor-drop-cap-view-stacked .elementor-drop-cap{background-color:#69727d;color:#fff}.elementor-widget-text-editor.elementor-drop-cap-view-framed .elementor-drop-cap{color:#69727d;border:3px solid;background-color:transparent}.elementor-widget-text-editor:not(.elementor-drop-cap-view-default) .elementor-drop-cap{margin-top:8px}.elementor-widget-text-editor:not(.elementor-drop-cap-view-default) .elementor-drop-cap-letter{width:1em;height:1em}.elementor-widget-text-editor .elementor-drop-cap{float:left;text-align:center;line-height:1;font-size:50px}.elementor-widget-text-editor .elementor-drop-cap-letter{display:inline-block}<\/style>\t\t\t\t<p>El cantautor KEV MIRANDA presenta su m\u00e1s reciente sencillo \u201cTu Voz En Mi Voz\u201d, una melod\u00eda \u00edntima, honesta y profundamente emocional, disponible desde este viernes 27 de junio en todas las plataformas digitales. Esta canci\u00f3n no es solo una producci\u00f3n musical m\u00e1s en su carrera, sino un testimonio vulnerable que naci\u00f3 en medio del dolor y de preguntas sin respuestas f\u00e1ciles.<\/p><p>&#8220;Tu Voz En Mi Voz&#8221; es una balada pop con tintes folk y ac\u00fasticos con una interpretaci\u00f3n vocal cargada de sentimiento, junto a guitarras suaves y un mensaje esperanzador, la canci\u00f3n se convierte en un refugio para aquellos que atraviesan momentos dif\u00edciles. \u201cNo fue escrita desde la inspiraci\u00f3n de un buen momento\u201d, afirma Kev, \u201csino desde el dolor de ver a personas cercanas vivir tragedias que no ten\u00edan explicaci\u00f3n\u201d.<\/p><p>La chispa creativa que dio origen al tema surgi\u00f3 durante una conversaci\u00f3n en carretera con su esposa y amigos, hablando de situaciones duras y reales. En medio del silencio, una frase cambi\u00f3 su perspectiva para siempre: \u201cDios no caus\u00f3 el dolor, pero s\u00ed estuvo all\u00ed, llorando con nosotros\u201d. Esa frase fue el principio de una canci\u00f3n que busca recordarnos que no estamos solos, incluso cuando sentimos que Dios est\u00e1 en silencio.<\/p><p>Producida y coescrita junto al talentoso Alejandro Prias, la canci\u00f3n refleja un proceso creativo profundamente espiritual. \u201cQuer\u00edamos que la gente sintiera que Dios no se mantiene indiferente a nuestro dolor. Que a\u00fan cuando no lo escuchamos, su voz sigue habl\u00e1ndonos\u2026 incluso a trav\u00e9s de nosotros mismos\u201d, explica Kev.<\/p><p>El lanzamiento viene acompa\u00f1ado de un videoclip simb\u00f3lico y poderoso, donde Kev aparece solo con su guitarra en medio del desierto \u2014una met\u00e1fora visual del dolor y la soledad\u2014. A medida que la canci\u00f3n avanza, la escena se transforma y se une toda su banda, simbolizando el consuelo, la compa\u00f1\u00eda y la presencia de Dios en medio del proceso. \u201cCada toma tiene una intenci\u00f3n espiritual. El desierto se llena de m\u00fasica, como s\u00edmbolo de que no estamos solos\u201d, a\u00f1ade.<\/p><p>Este lanzamiento trae consigo un fuerte deseo de conexi\u00f3n con el coraz\u00f3n de las personas. \u201cMi anhelo es que esta canci\u00f3n llegue a quien m\u00e1s lo necesita. A quien ha sentido que Dios se qued\u00f3 callado, que sepa que \u00c9l s\u00ed estuvo all\u00ed, llorando con ellos\u201d.<\/p><p>Con \u201cTu Voz En Mi Voz\u201d, KEV MIRANDA reafirma su compromiso de hacer m\u00fasica con prop\u00f3sito: sanadora, sincera, y profundamente humana. Una canci\u00f3n para los que alguna vez pensaron que Dios se hab\u00eda ido\u2026 pero hoy descubren que su voz siempre estuvo all\u00ed.<\/p><p>Para m\u00e1s informaci\u00f3n seguir las redes sociales del artista y para contacto de prensa comunicarse con la agencia GC Music Business.<\/p><p>Redes Sociales:<\/p><p>Facebook: <a href=\"https:\/\/www.facebook.com\/kevmirandamusic\/\">https:\/\/www.facebook.com\/kevmirandamusic\/<\/a><\/p><p>Instagram: <a href=\"https:\/\/www.instagram.com\/kevmirandamusic\/\">https:\/\/www.instagram.com\/kevmirandamusic\/<\/a><\/p><p>Youtube: <a href=\"https:\/\/www.youtube.com\/c\/KevMirandaMusic?sub_confirmation=1\">https:\/\/www.youtube.com\/c\/KevMirandaMusic?sub_confirmation=1<\/a><\/p><p>Spotify: <a href=\"https:\/\/open.spotify.com\/intl-es\/artist\/5mAsjDDm81xwtAbB6TrWVR\">https:\/\/open.spotify.com\/intl-es\/artist\/5mAsjDDm81xwtAbB6TrWVR<\/a><\/p><p><iframe title=\"Tu Voz En Mi Voz \u2013 Kev Miranda (Video Oficial)\" width=\"640\" height=\"360\" src=\"https:\/\/www.youtube.com\/embed\/O2D7OweGTQ0?feature=oembed\" frameborder=\"0\" allow=\"accelerometer; autoplay; clipboard-write; encrypted-media; gyroscope; picture-in-picture; web-share\" referrerpolicy=\"strict-origin-when-cross-origin\" allowfullscreen><\/iframe><\/p>\t\t\t\t\t\t<\/div>\n\t\t\t\t<\/div>\n\t\t\t\t\t<\/div>\n\t\t\t\t<\/div>\n\t\t\t\t<\/div>\n\t\t","protected":false},"excerpt":{"rendered":"<p>El cantautor KEV MIRANDA presenta su m\u00e1s reciente sencillo \u201cTu Voz En Mi Voz\u201d, una melod\u00eda \u00edntima, honesta y profundamente emocional, disponible desde este viernes 27 de junio en todas las plataformas digitales. Esta canci\u00f3n no es solo una producci\u00f3n musical m\u00e1s en su carrera, sino un testimonio vulnerable que naci\u00f3 en medio del dolor [&hellip;]<\/p>\n","protected":false},"author":1,"featured_media":6379,"comment_status":"open","ping_status":"open","sticky":false,"template":"","format":"standard","meta":{"_monsterinsights_skip_tracking":false,"_monsterinsights_sitenote_active":false,"_monsterinsights_sitenote_note":"","_monsterinsights_sitenote_category":0,"footnotes":""},"categories":[1],"tags":[],"aioseo_notices":[],"_links":{"self":[{"href":"https:\/\/desafiomedios.com\/index.php?rest_route=\/wp\/v2\/posts\/6377"}],"collection":[{"href":"https:\/\/desafiomedios.com\/index.php?rest_route=\/wp\/v2\/posts"}],"about":[{"href":"https:\/\/desafiomedios.com\/index.php?rest_route=\/wp\/v2\/types\/post"}],"author":[{"embeddable":true,"href":"https:\/\/desafiomedios.com\/index.php?rest_route=\/wp\/v2\/users\/1"}],"replies":[{"embeddable":true,"href":"https:\/\/desafiomedios.com\/index.php?rest_route=%2Fwp%2Fv2%2Fcomments&post=6377"}],"version-history":[{"count":4,"href":"https:\/\/desafiomedios.com\/index.php?rest_route=\/wp\/v2\/posts\/6377\/revisions"}],"predecessor-version":[{"id":6382,"href":"https:\/\/desafiomedios.com\/index.php?rest_route=\/wp\/v2\/posts\/6377\/revisions\/6382"}],"wp:featuredmedia":[{"embeddable":true,"href":"https:\/\/desafiomedios.com\/index.php?rest_route=\/wp\/v2\/media\/6379"}],"wp:attachment":[{"href":"https:\/\/desafiomedios.com\/index.php?rest_route=%2Fwp%2Fv2%2Fmedia&parent=6377"}],"wp:term":[{"taxonomy":"category","embeddable":true,"href":"https:\/\/desafiomedios.com\/index.php?rest_route=%2Fwp%2Fv2%2Fcategories&post=6377"},{"taxonomy":"post_tag","embeddable":true,"href":"https:\/\/desafiomedios.com\/index.php?rest_route=%2Fwp%2Fv2%2Ftags&post=6377"}],"curies":[{"name":"wp","href":"https:\/\/api.w.org\/{rel}","templated":true}]}}