{"id":6423,"date":"2025-07-04T14:58:52","date_gmt":"2025-07-04T12:58:52","guid":{"rendered":"https:\/\/desafiomedios.com\/?p=6423"},"modified":"2025-07-04T15:00:18","modified_gmt":"2025-07-04T13:00:18","slug":"fernando-ramos-y-la-feria-encienden-el-fuego-del-rock-latino-con-estoy-seguro","status":"publish","type":"post","link":"https:\/\/desafiomedios.com\/?p=6423","title":{"rendered":"Fernando Ramos y La Feria encienden el fuego del Rock latino con &#8220;Estoy Seguro&#8221;"},"content":{"rendered":"\t\t<div data-elementor-type=\"wp-post\" data-elementor-id=\"6423\" class=\"elementor elementor-6423\">\n\t\t\t\t<div class=\"elementor-element elementor-element-51480d5 e-flex e-con-boxed e-con e-parent\" data-id=\"51480d5\" data-element_type=\"container\" data-settings=\"{&quot;content_width&quot;:&quot;boxed&quot;}\" data-core-v316-plus=\"true\">\n\t\t\t\t\t<div class=\"e-con-inner\">\n\t\t\t\t<div class=\"elementor-element elementor-element-3ed559f elementor-widget elementor-widget-text-editor\" data-id=\"3ed559f\" data-element_type=\"widget\" data-widget_type=\"text-editor.default\">\n\t\t\t\t<div class=\"elementor-widget-container\">\n\t\t\t<style>\/*! elementor - v3.19.0 - 29-01-2024 *\/\n.elementor-widget-text-editor.elementor-drop-cap-view-stacked .elementor-drop-cap{background-color:#69727d;color:#fff}.elementor-widget-text-editor.elementor-drop-cap-view-framed .elementor-drop-cap{color:#69727d;border:3px solid;background-color:transparent}.elementor-widget-text-editor:not(.elementor-drop-cap-view-default) .elementor-drop-cap{margin-top:8px}.elementor-widget-text-editor:not(.elementor-drop-cap-view-default) .elementor-drop-cap-letter{width:1em;height:1em}.elementor-widget-text-editor .elementor-drop-cap{float:left;text-align:center;line-height:1;font-size:50px}.elementor-widget-text-editor .elementor-drop-cap-letter{display:inline-block}<\/style>\t\t\t\t<p>El pastor y cantautor Fernando Ramos presenta &#8220;Estoy Seguro&#8221;, el segundo sencillo del Disco 2 de su proyecto musical &#8220;De Tal Manera&#8221;.<br \/>La canci\u00f3n, inspirada en Romanos 8 &#8220;Nada me podr\u00e1 separar del amor de Dios que es en Cristo Jes\u00fas&#8221;, es una declaraci\u00f3n poderosa de convicci\u00f3n envuelta en el sonido vibrante del rock latino.<br \/>Este nuevo lanzamiento cuenta con la participaci\u00f3n especial de La Feria, banda argentina reconocida por su autenticidad y energ\u00eda en la escena del rock cristiano. La colaboraci\u00f3n une lo mejor de dos mundos: el coraz\u00f3n de Bogot\u00e1 y la potencia musical de Buenos Aires.<br \/>&#8220;Pens\u00e9 en La Feria porque su fuerza, su fe y su estilo argentino encajaban perfecto con lo que esta canci\u00f3n quer\u00eda decir&#8221;, comenta Fernando Ramos.<br \/>&#8220;Estoy Seguro&#8221; est\u00e1 disponible en todas las plataformas digitales. Es el segundo sencillo del EP de alabanza &#8220;De Tal Manera&#8221;, que complementa el primer disco de adoraci\u00f3n con canciones como &#8220;En Ti Confio&#8221;, &#8220;Todo lo Que Quiero&#8221; (con Marcos Brunet) y &#8220;Solo Basta&#8221; (con Emmanuel Ramos).<br \/>Los videoclips de este proyecto han sido dirigidos por el productor y realizador audiovisual Juan Carlos Sandoval [@san juan_sandoval], reconocido por su trabajo con artistas como Alex Campos, Generaci\u00f3n 12, y por participar en producciones audiovisuales con Redimi2, Un Coraz\u00f3n, entre otros referentes de la m\u00fasica cristiana contempor\u00e1nea.<\/p><p><iframe title=\"Estoy Seguro - Fernando Ramos ft. La Feria (Video Oficial) M\u00fasica Cristiana 2025\" width=\"640\" height=\"360\" src=\"https:\/\/www.youtube.com\/embed\/vjHUrjN1Ovc?feature=oembed\" frameborder=\"0\" allow=\"accelerometer; autoplay; clipboard-write; encrypted-media; gyroscope; picture-in-picture; web-share\" referrerpolicy=\"strict-origin-when-cross-origin\" allowfullscreen><\/iframe><\/p>\t\t\t\t\t\t<\/div>\n\t\t\t\t<\/div>\n\t\t\t\t\t<\/div>\n\t\t\t\t<\/div>\n\t\t\t\t<\/div>\n\t\t","protected":false},"excerpt":{"rendered":"<p>El pastor y cantautor Fernando Ramos presenta &#8220;Estoy Seguro&#8221;, el segundo sencillo del Disco 2 de su proyecto musical &#8220;De Tal Manera&#8221;.La canci\u00f3n, inspirada en Romanos 8 &#8220;Nada me podr\u00e1 separar del amor de Dios que es en Cristo Jes\u00fas&#8221;, es una declaraci\u00f3n poderosa de convicci\u00f3n envuelta en el sonido vibrante del rock latino.Este nuevo [&hellip;]<\/p>\n","protected":false},"author":1,"featured_media":6425,"comment_status":"open","ping_status":"open","sticky":false,"template":"","format":"standard","meta":{"_monsterinsights_skip_tracking":false,"_monsterinsights_sitenote_active":false,"_monsterinsights_sitenote_note":"","_monsterinsights_sitenote_category":0,"footnotes":""},"categories":[1],"tags":[],"aioseo_notices":[],"_links":{"self":[{"href":"https:\/\/desafiomedios.com\/index.php?rest_route=\/wp\/v2\/posts\/6423"}],"collection":[{"href":"https:\/\/desafiomedios.com\/index.php?rest_route=\/wp\/v2\/posts"}],"about":[{"href":"https:\/\/desafiomedios.com\/index.php?rest_route=\/wp\/v2\/types\/post"}],"author":[{"embeddable":true,"href":"https:\/\/desafiomedios.com\/index.php?rest_route=\/wp\/v2\/users\/1"}],"replies":[{"embeddable":true,"href":"https:\/\/desafiomedios.com\/index.php?rest_route=%2Fwp%2Fv2%2Fcomments&post=6423"}],"version-history":[{"count":4,"href":"https:\/\/desafiomedios.com\/index.php?rest_route=\/wp\/v2\/posts\/6423\/revisions"}],"predecessor-version":[{"id":6428,"href":"https:\/\/desafiomedios.com\/index.php?rest_route=\/wp\/v2\/posts\/6423\/revisions\/6428"}],"wp:featuredmedia":[{"embeddable":true,"href":"https:\/\/desafiomedios.com\/index.php?rest_route=\/wp\/v2\/media\/6425"}],"wp:attachment":[{"href":"https:\/\/desafiomedios.com\/index.php?rest_route=%2Fwp%2Fv2%2Fmedia&parent=6423"}],"wp:term":[{"taxonomy":"category","embeddable":true,"href":"https:\/\/desafiomedios.com\/index.php?rest_route=%2Fwp%2Fv2%2Fcategories&post=6423"},{"taxonomy":"post_tag","embeddable":true,"href":"https:\/\/desafiomedios.com\/index.php?rest_route=%2Fwp%2Fv2%2Ftags&post=6423"}],"curies":[{"name":"wp","href":"https:\/\/api.w.org\/{rel}","templated":true}]}}